{"id":198214,"date":"2017-09-30T12:40:28","date_gmt":"2017-09-30T10:40:28","guid":{"rendered":"http:\/\/www.radioluna.it\/news\/?p=198214"},"modified":"2017-10-01T19:49:42","modified_gmt":"2017-10-01T17:49:42","slug":"ciao-gabriele-terracina-si-raccoglie-in-spiaggia-per-ricordare-il-capitano-orlandi","status":"publish","type":"post","link":"https:\/\/www.radioluna.it\/news\/2017\/09\/ciao-gabriele-terracina-si-raccoglie-in-spiaggia-per-ricordare-il-capitano-orlandi\/","title":{"rendered":"Ciao Gabriele, Terracina si raccoglie in spiaggia per ricordare il capitano Orlandi"},"content":{"rendered":"<div id=\"fb-root\"><\/div>\n<div id=\"attachment_198215\" style=\"width: 490px\" class=\"wp-caption aligncenter\"><img loading=\"lazy\" decoding=\"async\" aria-describedby=\"caption-attachment-198215\" class=\"wp-image-198215 size-full\" src=\"http:\/\/www.radioluna.it\/news\/wp-content\/uploads\/2017\/09\/ciao-orlandi.jpg\" alt=\"\" width=\"480\" height=\"360\" srcset=\"https:\/\/www.radioluna.it\/news\/wp-content\/uploads\/2017\/09\/ciao-orlandi.jpg 480w, https:\/\/www.radioluna.it\/news\/wp-content\/uploads\/2017\/09\/ciao-orlandi-300x225.jpg 300w\" sizes=\"auto, (max-width: 480px) 100vw, 480px\" \/><p id=\"caption-attachment-198215\" class=\"wp-caption-text\">la foto da un post del sindaco di Terracina Nicola Procaccini<\/p><\/div>\n<p style=\"text-align: justify;\"><strong>TERRACINA &#8211;<\/strong>\u00a0Terracina si ritrova davanti al mare che ha inghiottito per sempre il Capitano Gabriele Orlandi. A una settimana dall&#8217;incidente aereo avvenuto domenica, nel giorno in cui era in programma l&#8217;esibizione delle Frecce Tricolori, oggi sulla spiaggia del Lungomare Circe, all&#8217;altezza di Via Campania, si sono radunate tante persone per l&#8217;iniziativa voluta dal sindaco Nicola Procaccini. Un momento di raccoglimento attraverso il quale la citt\u00e0 costiera vuole esprimere ulteriore vicinanza alla famiglia dell&#8217;ufficiale di Cesena di 36 anni che era assegnato alla base di Pratica di Mare da dove \u00e8 partito per il suo ultimo volo.<\/p>\n<p style=\"text-align: justify;\">La commemorazione si \u00e8 svolta all&#8217;indomani del ritrovamento della scatola nera dell&#8217;Eurofighter, dalla quale la Procura della Repubblica di Latina e la Procura Militare confidano di poter ricavare la verit\u00e0 sul drammatico incidente. L&#8217;apparecchio che come \u00e8 noto contiene tutti i dati di volo \u00e8 stato localizzato a circa 350 metri dal punto di impatto dai palombari della Marina Militare arrivati nei giorni scorsi a bordo della nave Anteo e sar\u00e0 ora consegnato ai periti per l&#8217;estrapolazione delle informazioni.<\/p>\n<p>&nbsp;<\/p>\n","protected":false},"excerpt":{"rendered":"<p>TERRACINA &#8211;\u00a0Terracina si ritrova davanti al mare che ha inghiottito per sempre il Capitano Gabriele Orlandi. A una settimana dall&#8217;incidente aereo avvenuto domenica, nel giorno in cui era in programma l&#8217;esibizione delle Frecce Tricolori, oggi sulla spiaggia del Lungomare Circe, all&#8217;altezza di Via Campania, si sono radunate tante persone per l&#8217;iniziativa voluta dal sindaco Nicola [&hellip;]<\/p>\n","protected":false},"author":62,"featured_media":198215,"comment_status":"open","ping_status":"closed","sticky":false,"template":"","format":"standard","meta":{"footnotes":""},"categories":[7],"tags":[],"class_list":["post-198214","post","type-post","status-publish","format-standard","has-post-thumbnail","hentry","category-cronaca"],"_links":{"self":[{"href":"https:\/\/www.radioluna.it\/news\/wp-json\/wp\/v2\/posts\/198214","targetHints":{"allow":["GET"]}}],"collection":[{"href":"https:\/\/www.radioluna.it\/news\/wp-json\/wp\/v2\/posts"}],"about":[{"href":"https:\/\/www.radioluna.it\/news\/wp-json\/wp\/v2\/types\/post"}],"author":[{"embeddable":true,"href":"https:\/\/www.radioluna.it\/news\/wp-json\/wp\/v2\/users\/62"}],"replies":[{"embeddable":true,"href":"https:\/\/www.radioluna.it\/news\/wp-json\/wp\/v2\/comments?post=198214"}],"version-history":[{"count":0,"href":"https:\/\/www.radioluna.it\/news\/wp-json\/wp\/v2\/posts\/198214\/revisions"}],"wp:featuredmedia":[{"embeddable":true,"href":"https:\/\/www.radioluna.it\/news\/wp-json\/wp\/v2\/media\/198215"}],"wp:attachment":[{"href":"https:\/\/www.radioluna.it\/news\/wp-json\/wp\/v2\/media?parent=198214"}],"wp:term":[{"taxonomy":"category","embeddable":true,"href":"https:\/\/www.radioluna.it\/news\/wp-json\/wp\/v2\/categories?post=198214"},{"taxonomy":"post_tag","embeddable":true,"href":"https:\/\/www.radioluna.it\/news\/wp-json\/wp\/v2\/tags?post=198214"}],"curies":[{"name":"wp","href":"https:\/\/api.w.org\/{rel}","templated":true}]}}