{"id":198288,"date":"2017-10-03T12:34:57","date_gmt":"2017-10-03T10:34:57","guid":{"rendered":"http:\/\/www.radioluna.it\/news\/?p=198288"},"modified":"2017-10-04T07:52:40","modified_gmt":"2017-10-04T05:52:40","slug":"in-carcere-a-latina-la-banda-di-ladri-che-colpiva-nelle-ville-della-sardegna-4-arresti","status":"publish","type":"post","link":"https:\/\/www.radioluna.it\/news\/2017\/10\/in-carcere-a-latina-la-banda-di-ladri-che-colpiva-nelle-ville-della-sardegna-4-arresti\/","title":{"rendered":"In carcere a Latina la banda di ladri che colpiva nelle ville della Sardegna: 4 arresti"},"content":{"rendered":"<div id=\"fb-root\"><\/div>\n<div id=\"attachment_198289\" style=\"width: 604px\" class=\"wp-caption aligncenter\"><img loading=\"lazy\" decoding=\"async\" aria-describedby=\"caption-attachment-198289\" class=\"size-full wp-image-198289\" src=\"http:\/\/www.radioluna.it\/news\/wp-content\/uploads\/2017\/10\/porto-torres.jpg\" alt=\"\" width=\"594\" height=\"250\" srcset=\"https:\/\/www.radioluna.it\/news\/wp-content\/uploads\/2017\/10\/porto-torres.jpg 594w, https:\/\/www.radioluna.it\/news\/wp-content\/uploads\/2017\/10\/porto-torres-300x126.jpg 300w, https:\/\/www.radioluna.it\/news\/wp-content\/uploads\/2017\/10\/porto-torres-500x210.jpg 500w\" sizes=\"auto, (max-width: 594px) 100vw, 594px\" \/><p id=\"caption-attachment-198289\" class=\"wp-caption-text\">Porto Torres<\/p><\/div>\n<p style=\"text-align: justify;\"><strong>APRILIA<\/strong> &#8211;\u00a0 Vivevano ad Aprilia i componenti della banda di Sinti che a luglio scorso ha messo a segno furti a raffica, in ville e appartamenti di\u00a0 Porto Torres in Sardegna. Sono stati arrestati dalla Polizia, Fabrizio F\u00e8 27 anni, Francesco Spera 39 anni, Samuel Lucchesi 29 anni. Risiedevano tutti nella citt\u00e0 pontina dove in questi giorni si concentrano le attenzioni dell&#8217;antiterrorismo mondiale. Con i tre apriliani \u00e8 finito in manette anche Denni Quirini, romano residente nella Capitale.<\/p>\n<p style=\"text-align: justify;\">Il bottino, portato a casa in provincia di Latina, era nascosto cos\u00ec a molti chilometri e diverse miglia marine\u00a0 dal luogo in cui era stato saccheggiato: oltre sessanta oggetti preziosi sono stati trovati dalla polizia nel corso di una serie di perquisizioni e riconosciuti poi dalle vittime dei furti. Gli investigatori della Polizia\u00a0 hanno seguito il gruppo esperto anche attraverso le tracce elettroniche: in estate raggiungevano posti turistici, e si spostavano con auto prese a noleggio cambiandole di continuo per non destare sospetti. Ma era chiaro che, dove i quattro apparivano, si verificano furti in ville o appartamenti.<\/p>\n<p style=\"text-align: justify;\">Sfrontati, cos\u00ec si mostravano. quando gioielli e altri oggetti di valore sono stati sequestrati alla banda in un&#8217;operazione della polizia, loro se la ridevano e sul web postavano sfott\u00f2:\u00a0\u201cM<i>a che ce frega se mezzo chilo ce l\u2019hanno preso\u2026\u201d\u00a0<\/i>facendo riferimento ad un sequestro di preziosi del 16 luglio.<\/p>\n<p style=\"text-align: justify;\">Nei giorni scorsi i poliziotti della Squadra Mobile di Latina hanno eseguito diverse perquisizioni notturne nelle abitazioni degli indagati ad Aprilia. E ieri sono scattate le manette: nel pomeriggio sentendosi braccati i quattro hanno si sono presentati ai carabinieri di Aprilia e si sono fatti notificare l\u2019ordinanza di custodia cautelare in carcere emessa dal Tribunale di Sassari. Sono ora in carcere a Latina.<\/p>\n","protected":false},"excerpt":{"rendered":"<p>APRILIA &#8211;\u00a0 Vivevano ad Aprilia i componenti della banda di Sinti che a luglio scorso ha messo a segno furti a raffica, in ville e appartamenti di\u00a0 Porto Torres in Sardegna. Sono stati arrestati dalla Polizia, Fabrizio F\u00e8 27 anni, Francesco Spera 39 anni, Samuel Lucchesi 29 anni. Risiedevano tutti nella citt\u00e0 pontina dove in [&hellip;]<\/p>\n","protected":false},"author":62,"featured_media":198289,"comment_status":"open","ping_status":"closed","sticky":false,"template":"","format":"standard","meta":{"footnotes":""},"categories":[7],"tags":[],"class_list":["post-198288","post","type-post","status-publish","format-standard","has-post-thumbnail","hentry","category-cronaca"],"_links":{"self":[{"href":"https:\/\/www.radioluna.it\/news\/wp-json\/wp\/v2\/posts\/198288","targetHints":{"allow":["GET"]}}],"collection":[{"href":"https:\/\/www.radioluna.it\/news\/wp-json\/wp\/v2\/posts"}],"about":[{"href":"https:\/\/www.radioluna.it\/news\/wp-json\/wp\/v2\/types\/post"}],"author":[{"embeddable":true,"href":"https:\/\/www.radioluna.it\/news\/wp-json\/wp\/v2\/users\/62"}],"replies":[{"embeddable":true,"href":"https:\/\/www.radioluna.it\/news\/wp-json\/wp\/v2\/comments?post=198288"}],"version-history":[{"count":0,"href":"https:\/\/www.radioluna.it\/news\/wp-json\/wp\/v2\/posts\/198288\/revisions"}],"wp:featuredmedia":[{"embeddable":true,"href":"https:\/\/www.radioluna.it\/news\/wp-json\/wp\/v2\/media\/198289"}],"wp:attachment":[{"href":"https:\/\/www.radioluna.it\/news\/wp-json\/wp\/v2\/media?parent=198288"}],"wp:term":[{"taxonomy":"category","embeddable":true,"href":"https:\/\/www.radioluna.it\/news\/wp-json\/wp\/v2\/categories?post=198288"},{"taxonomy":"post_tag","embeddable":true,"href":"https:\/\/www.radioluna.it\/news\/wp-json\/wp\/v2\/tags?post=198288"}],"curies":[{"name":"wp","href":"https:\/\/api.w.org\/{rel}","templated":true}]}}