{"id":198389,"date":"2017-10-05T19:52:36","date_gmt":"2017-10-05T17:52:36","guid":{"rendered":"http:\/\/www.radioluna.it\/news\/?p=198389"},"modified":"2017-10-05T19:52:36","modified_gmt":"2017-10-05T17:52:36","slug":"ladro-seriale-in-manette-ha-colpito-piu-volte-nei-negozi-di-latina-scalo","status":"publish","type":"post","link":"https:\/\/www.radioluna.it\/news\/2017\/10\/ladro-seriale-in-manette-ha-colpito-piu-volte-nei-negozi-di-latina-scalo\/","title":{"rendered":"Ladro seriale in manette, ha colpito pi\u00f9 volte nei negozi di Latina Scalo"},"content":{"rendered":"<div id=\"fb-root\"><\/div>\n<p style=\"text-align: justify;\"><strong><img loading=\"lazy\" decoding=\"async\" class=\"aligncenter size-full wp-image-198390\" src=\"http:\/\/www.radioluna.it\/news\/wp-content\/uploads\/2017\/10\/arresto-cc.jpg\" alt=\"\" width=\"415\" height=\"554\" srcset=\"https:\/\/www.radioluna.it\/news\/wp-content\/uploads\/2017\/10\/arresto-cc.jpg 415w, https:\/\/www.radioluna.it\/news\/wp-content\/uploads\/2017\/10\/arresto-cc-225x300.jpg 225w\" sizes=\"auto, (max-width: 415px) 100vw, 415px\" \/>LATINA<\/strong> &#8211; L&#8217;ultimo colpo l&#8217;ha tentato da Giorgione, la trattoria storica nel centro di Latina, due notti fa. Ma ne ha fatti a raffica, da un anno a questa parte, cinque si sospetta solo in Via Cattaneo. Colpiva soprattutto negozi gestiti da cinesi, parrucchieri e altre piccole attivit\u00e0, che si sono ritrovate i vetri spaccati a sprangate e qualche spicciolo in meno. Oggi i carabinieri di Latina Scalo, con i colleghi di Borgo Podgora lo hanno finalmente colto in flagranza. M .M. 32 anni marocchino senza fissa dimora,\u00a0 ha infranto il vetro della porta d&#8217; ingresso di Eurorisparmio Casa in via della Stazione a Latina Scalo portando via dal registratore di cassa\u00a0 la solita modesta somma di denaro, ma facendo danni all&#8217;attivit\u00e0. Nello stesso negozio era gi\u00e0 stato pochi giorni fa, il 29 settembre. Il 3 ottobre il raid da Giorgione dove per\u00f2 lo ha ripreso una telecamera che ha dato di sicuro una mano agli investigatori.<\/p>\n<p style=\"text-align: justify;\">Lo stesso uomo \u00e8 stato visto molte altre volte arrivare in bicicletta dove c&#8217;erano furti, tutti con le stesse identiche caratteristiche. Venerd\u00ec il ladro seriale sar\u00e0 davanti al giudice per il processo per direttissima.<\/p>\n","protected":false},"excerpt":{"rendered":"<p>LATINA &#8211; L&#8217;ultimo colpo l&#8217;ha tentato da Giorgione, la trattoria storica nel centro di Latina, due notti fa. Ma ne ha fatti a raffica, da un anno a questa parte, cinque si sospetta solo in Via Cattaneo. Colpiva soprattutto negozi gestiti da cinesi, parrucchieri e altre piccole attivit\u00e0, che si sono ritrovate i vetri spaccati [&hellip;]<\/p>\n","protected":false},"author":62,"featured_media":198390,"comment_status":"open","ping_status":"closed","sticky":false,"template":"","format":"standard","meta":{"footnotes":""},"categories":[7],"tags":[],"class_list":["post-198389","post","type-post","status-publish","format-standard","has-post-thumbnail","hentry","category-cronaca"],"_links":{"self":[{"href":"https:\/\/www.radioluna.it\/news\/wp-json\/wp\/v2\/posts\/198389","targetHints":{"allow":["GET"]}}],"collection":[{"href":"https:\/\/www.radioluna.it\/news\/wp-json\/wp\/v2\/posts"}],"about":[{"href":"https:\/\/www.radioluna.it\/news\/wp-json\/wp\/v2\/types\/post"}],"author":[{"embeddable":true,"href":"https:\/\/www.radioluna.it\/news\/wp-json\/wp\/v2\/users\/62"}],"replies":[{"embeddable":true,"href":"https:\/\/www.radioluna.it\/news\/wp-json\/wp\/v2\/comments?post=198389"}],"version-history":[{"count":0,"href":"https:\/\/www.radioluna.it\/news\/wp-json\/wp\/v2\/posts\/198389\/revisions"}],"wp:featuredmedia":[{"embeddable":true,"href":"https:\/\/www.radioluna.it\/news\/wp-json\/wp\/v2\/media\/198390"}],"wp:attachment":[{"href":"https:\/\/www.radioluna.it\/news\/wp-json\/wp\/v2\/media?parent=198389"}],"wp:term":[{"taxonomy":"category","embeddable":true,"href":"https:\/\/www.radioluna.it\/news\/wp-json\/wp\/v2\/categories?post=198389"},{"taxonomy":"post_tag","embeddable":true,"href":"https:\/\/www.radioluna.it\/news\/wp-json\/wp\/v2\/tags?post=198389"}],"curies":[{"name":"wp","href":"https:\/\/api.w.org\/{rel}","templated":true}]}}