{"id":198450,"date":"2017-10-07T15:32:50","date_gmt":"2017-10-07T13:32:50","guid":{"rendered":"http:\/\/www.radioluna.it\/news\/?p=198450"},"modified":"2017-10-08T11:09:42","modified_gmt":"2017-10-08T09:09:42","slug":"latina-vasto-incendio-vicino-al-canale-delle-acque-medie","status":"publish","type":"post","link":"https:\/\/www.radioluna.it\/news\/2017\/10\/latina-vasto-incendio-vicino-al-canale-delle-acque-medie\/","title":{"rendered":"Latina, vasto incendio vicino al Canale delle Acque Medie"},"content":{"rendered":"<div id=\"fb-root\"><\/div>\n<p><img loading=\"lazy\" decoding=\"async\" class=\"aligncenter wp-image-198451 size-thumbnail\" src=\"http:\/\/www.radioluna.it\/news\/wp-content\/uploads\/2017\/10\/FOTEE7A-689x919.jpg\" alt=\"\" width=\"689\" height=\"919\" srcset=\"https:\/\/www.radioluna.it\/news\/wp-content\/uploads\/2017\/10\/FOTEE7A-689x919.jpg 689w, https:\/\/www.radioluna.it\/news\/wp-content\/uploads\/2017\/10\/FOTEE7A-225x300.jpg 225w, https:\/\/www.radioluna.it\/news\/wp-content\/uploads\/2017\/10\/FOTEE7A-768x1024.jpg 768w, https:\/\/www.radioluna.it\/news\/wp-content\/uploads\/2017\/10\/FOTEE7A-500x667.jpg 500w, https:\/\/www.radioluna.it\/news\/wp-content\/uploads\/2017\/10\/FOTEE7A-800x1067.jpg 800w, https:\/\/www.radioluna.it\/news\/wp-content\/uploads\/2017\/10\/FOTEE7A.jpg 1200w\" sizes=\"auto, (max-width: 689px) 100vw, 689px\" \/><\/p>\n<p style=\"text-align: justify;\"><strong>LATINA-<\/strong> Un violento incendio \u00e8 divampato oggi pomeriggio a\u00a0 Latina a poca distanza dove la scorsa estate in un altro incendio nella zona di via dei Volsci, era morto un uomo. Le fiamme si sono sviluppate nel giro di pochi minuti e non si esclude la matrice dolosa. Il rogo \u00e8 scoppiato in prossimit\u00e0 del Canale delle Acque Medie, una densa nuvola di fumo nera si \u00e8 alzata ed \u00e8 visibile da diversi punti della citt\u00e0. Al lavoro diverse squadre dei vigili del fuoco, secondo quanto si \u00e8 apprende l&#8217;incendio \u00e8 di grandi dimensioni.<\/p>\n<p>&nbsp;<\/p>\n","protected":false},"excerpt":{"rendered":"<p>LATINA- Un violento incendio \u00e8 divampato oggi pomeriggio a\u00a0 Latina a poca distanza dove la scorsa estate in un altro incendio nella zona di via dei Volsci, era morto un uomo. Le fiamme si sono sviluppate nel giro di pochi minuti e non si esclude la matrice dolosa. Il rogo \u00e8 scoppiato in prossimit\u00e0 del [&hellip;]<\/p>\n","protected":false},"author":60,"featured_media":198451,"comment_status":"open","ping_status":"closed","sticky":false,"template":"","format":"standard","meta":{"footnotes":""},"categories":[7],"tags":[],"class_list":["post-198450","post","type-post","status-publish","format-standard","has-post-thumbnail","hentry","category-cronaca"],"_links":{"self":[{"href":"https:\/\/www.radioluna.it\/news\/wp-json\/wp\/v2\/posts\/198450","targetHints":{"allow":["GET"]}}],"collection":[{"href":"https:\/\/www.radioluna.it\/news\/wp-json\/wp\/v2\/posts"}],"about":[{"href":"https:\/\/www.radioluna.it\/news\/wp-json\/wp\/v2\/types\/post"}],"author":[{"embeddable":true,"href":"https:\/\/www.radioluna.it\/news\/wp-json\/wp\/v2\/users\/60"}],"replies":[{"embeddable":true,"href":"https:\/\/www.radioluna.it\/news\/wp-json\/wp\/v2\/comments?post=198450"}],"version-history":[{"count":0,"href":"https:\/\/www.radioluna.it\/news\/wp-json\/wp\/v2\/posts\/198450\/revisions"}],"wp:featuredmedia":[{"embeddable":true,"href":"https:\/\/www.radioluna.it\/news\/wp-json\/wp\/v2\/media\/198451"}],"wp:attachment":[{"href":"https:\/\/www.radioluna.it\/news\/wp-json\/wp\/v2\/media?parent=198450"}],"wp:term":[{"taxonomy":"category","embeddable":true,"href":"https:\/\/www.radioluna.it\/news\/wp-json\/wp\/v2\/categories?post=198450"},{"taxonomy":"post_tag","embeddable":true,"href":"https:\/\/www.radioluna.it\/news\/wp-json\/wp\/v2\/tags?post=198450"}],"curies":[{"name":"wp","href":"https:\/\/api.w.org\/{rel}","templated":true}]}}