{"id":198465,"date":"2017-10-09T08:58:09","date_gmt":"2017-10-09T06:58:09","guid":{"rendered":"http:\/\/www.radioluna.it\/news\/?p=198465"},"modified":"2017-10-09T08:58:09","modified_gmt":"2017-10-09T06:58:09","slug":"arrestato-a-ferrara-il-fratello-di-hanachi-lo-avrebbe-radicalizzato","status":"publish","type":"post","link":"https:\/\/www.radioluna.it\/news\/2017\/10\/arrestato-a-ferrara-il-fratello-di-hanachi-lo-avrebbe-radicalizzato\/","title":{"rendered":"Arrestato a Ferrara il fratello di Hanachi, lo avrebbe radicalizzato"},"content":{"rendered":"<div id=\"fb-root\"><\/div>\n<div id=\"attachment_198320\" style=\"width: 650px\" class=\"wp-caption aligncenter\"><img loading=\"lazy\" decoding=\"async\" aria-describedby=\"caption-attachment-198320\" class=\"size-full wp-image-198320\" src=\"http:\/\/www.radioluna.it\/news\/wp-content\/uploads\/2017\/10\/abitazione-terrorista.jpg\" alt=\"\" width=\"640\" height=\"426\" \/><p id=\"caption-attachment-198320\" class=\"wp-caption-text\">Ad Aprilia la casa in cui ha vissuto Hanachi<\/p><\/div>\n<p style=\"text-align: justify;\"><strong>APRILIA<\/strong> &#8211; Sospettato di essere un fondamentalista legato agli ambienti terroristici \u00e8 stato arrestato a Ferrara il fratello di Ahmed Hanachi, l&#8217;attentatore che a Marsiglia che ha ucciso due cugine ventenni alla stazione di Saint Charles. La Polizia lo ha individuato e ha eseguito un mandato di cattura internazionale emesso dalla Francia.<\/p>\n<p style=\"text-align: justify;\">Anis Hanachi ha 25 anni ed \u00e8 accusato di partecipazione ad associazione terroristica e complicit\u00e0 nel delitto commesso dal fratello. Sarebbe stato lui a radicalizzarlo.<\/p>\n<p style=\"text-align: justify;\">Dopo l&#8217;arresto, arrivato al termine di una complessa attivit\u00e0 investigativa coordinata dal Servizio centrale dell&#8217;Antiterrorismo con la collaborazione delle autorit\u00e0 francesi, con il coinvolgimento della Procura nazionale antimafia e antiterrorismo e della procura di Roma, Anis Hannachi \u00e8 stato messo a disposizione della procura generale presso la Corte d&#8217;appello di Bologna.<\/p>\n<p style=\"text-align: justify;\">I dettagli dell&#8217;operazione saranno resi noti in una conferenza stampa in programma oggi alle 10.30 a Roma negli uffici del Dipartimento della Pubblica Sicurezza.<\/p>\n<p style=\"text-align: justify;\"><strong>LA COGNATA ITALIANA<\/strong> &#8211; Intanto \u00e8 stato il Corriere della Sera a intervistare Ramona Cargnelutti, l&#8217;italiana di Aprilia sposata con Ahmed Hannachi dal 2008 al 2014 e che adesso vive in Tunisia. Il quotidiano riferisce che la donna ha &#8220;escluso che il suo ex marito possa essere un terrorista: \u00abPensava soltanto all\u2019alcol e alla droga, non \u00e8 mai stato religioso\u00bb. Le autorit\u00e0 italiane attendono di interrogare la ex moglie di Hanachi che \u00e8 gi\u00e0 stata sentita invece dalla polizia locale tunisina.<\/p>\n","protected":false},"excerpt":{"rendered":"<p>APRILIA &#8211; Sospettato di essere un fondamentalista legato agli ambienti terroristici \u00e8 stato arrestato a Ferrara il fratello di Ahmed Hanachi, l&#8217;attentatore che a Marsiglia che ha ucciso due cugine ventenni alla stazione di Saint Charles. La Polizia lo ha individuato e ha eseguito un mandato di cattura internazionale emesso dalla Francia. Anis Hanachi ha [&hellip;]<\/p>\n","protected":false},"author":62,"featured_media":0,"comment_status":"open","ping_status":"closed","sticky":false,"template":"","format":"standard","meta":{"footnotes":""},"categories":[7],"tags":[],"class_list":["post-198465","post","type-post","status-publish","format-standard","hentry","category-cronaca"],"_links":{"self":[{"href":"https:\/\/www.radioluna.it\/news\/wp-json\/wp\/v2\/posts\/198465","targetHints":{"allow":["GET"]}}],"collection":[{"href":"https:\/\/www.radioluna.it\/news\/wp-json\/wp\/v2\/posts"}],"about":[{"href":"https:\/\/www.radioluna.it\/news\/wp-json\/wp\/v2\/types\/post"}],"author":[{"embeddable":true,"href":"https:\/\/www.radioluna.it\/news\/wp-json\/wp\/v2\/users\/62"}],"replies":[{"embeddable":true,"href":"https:\/\/www.radioluna.it\/news\/wp-json\/wp\/v2\/comments?post=198465"}],"version-history":[{"count":0,"href":"https:\/\/www.radioluna.it\/news\/wp-json\/wp\/v2\/posts\/198465\/revisions"}],"wp:attachment":[{"href":"https:\/\/www.radioluna.it\/news\/wp-json\/wp\/v2\/media?parent=198465"}],"wp:term":[{"taxonomy":"category","embeddable":true,"href":"https:\/\/www.radioluna.it\/news\/wp-json\/wp\/v2\/categories?post=198465"},{"taxonomy":"post_tag","embeddable":true,"href":"https:\/\/www.radioluna.it\/news\/wp-json\/wp\/v2\/tags?post=198465"}],"curies":[{"name":"wp","href":"https:\/\/api.w.org\/{rel}","templated":true}]}}