{"id":198473,"date":"2017-10-09T09:37:58","date_gmt":"2017-10-09T07:37:58","guid":{"rendered":"http:\/\/www.radioluna.it\/news\/?p=198473"},"modified":"2017-10-09T11:26:27","modified_gmt":"2017-10-09T09:26:27","slug":"incendio-alla-baraccopoli-sul-canale-delle-acque-medie-riunione-in-comune","status":"publish","type":"post","link":"https:\/\/www.radioluna.it\/news\/2017\/10\/incendio-alla-baraccopoli-sul-canale-delle-acque-medie-riunione-in-comune\/","title":{"rendered":"Incendio alla baraccopoli sul Canale delle Acque Medie, riunione in Comune"},"content":{"rendered":"<div id=\"fb-root\"><\/div>\n<p>[URIS id=198467]<\/p>\n<p style=\"text-align: justify;\"><strong>LATINA<\/strong> &#8211; Dopo l&#8217;incendio che sabato ha bruciato di nuovo l&#8217;area della baraccopoli del Canale delle Acque Medie a Latina, quando una colonna di fumo nero si \u00e8 levata sulla citt\u00e0 e le fiamme hanno distrutto le baracche-rifugio, il Comune si affida alle indagini della Polizia per interpretare i fatti e dare un significato a quello che \u00e8 il terzo rogo nella stessa area. In\u00a0estate il pi\u00f9 drammatico, vi \u00e8 rimasto intrappolato un cittadino ucraino che ha lasciato la sua baracca troppo tardi e perso la vita mentre cercava riparo in acqua, dopo essersi tolto di dosso i vestiti. I soccorritori lo hanno trovato sull&#8217;argine quando era gi\u00e0 tardi. Inutilmente, negli ultimi anni, pi\u00f9 amministrazioni hanno tentato, anche in collaborazione con la Croce Rossa e la Caritas, di sgomberare l&#8217;area, ma nulla.<\/p>\n<p style=\"text-align: justify;\">Per decidere come gestire la situazione si terr\u00e0 oggi in Comune un incontro tra l&#8217;assessorato ai servizi sociali guidato da Patrizia Ciccarelli,\u00a0 e quello alla sicurezza, sotto il coordinamento Paola Briganti. Il sospetto \u00e8 che ci sia la mano di qualcuno dietro questo rogo come dietro i precedenti. Da quanto si \u00e8 potuto verificare, sabato non ci sono stati feriti n\u00e9 intossicati e gli operatori sociali intervenuti quando le fiamme sono state domate.<\/p>\n<p style=\"text-align: justify;\">Quello che inquieta \u00e8 il clima che si \u00e8 creato intorno ai disperati che sono anche aumentati dopo gli sgomberi nella Capitale.<\/p>\n<p>&nbsp;<\/p>\n","protected":false},"excerpt":{"rendered":"<p>[URIS id=198467] LATINA &#8211; Dopo l&#8217;incendio che sabato ha bruciato di nuovo l&#8217;area della baraccopoli del Canale delle Acque Medie a Latina, quando una colonna di fumo nero si \u00e8 levata sulla citt\u00e0 e le fiamme hanno distrutto le baracche-rifugio, il Comune si affida alle indagini della Polizia per interpretare i fatti e dare un [&hellip;]<\/p>\n","protected":false},"author":62,"featured_media":0,"comment_status":"open","ping_status":"closed","sticky":false,"template":"","format":"standard","meta":{"footnotes":""},"categories":[7,2311],"tags":[],"class_list":["post-198473","post","type-post","status-publish","format-standard","hentry","category-cronaca","category-foto"],"_links":{"self":[{"href":"https:\/\/www.radioluna.it\/news\/wp-json\/wp\/v2\/posts\/198473","targetHints":{"allow":["GET"]}}],"collection":[{"href":"https:\/\/www.radioluna.it\/news\/wp-json\/wp\/v2\/posts"}],"about":[{"href":"https:\/\/www.radioluna.it\/news\/wp-json\/wp\/v2\/types\/post"}],"author":[{"embeddable":true,"href":"https:\/\/www.radioluna.it\/news\/wp-json\/wp\/v2\/users\/62"}],"replies":[{"embeddable":true,"href":"https:\/\/www.radioluna.it\/news\/wp-json\/wp\/v2\/comments?post=198473"}],"version-history":[{"count":0,"href":"https:\/\/www.radioluna.it\/news\/wp-json\/wp\/v2\/posts\/198473\/revisions"}],"wp:attachment":[{"href":"https:\/\/www.radioluna.it\/news\/wp-json\/wp\/v2\/media?parent=198473"}],"wp:term":[{"taxonomy":"category","embeddable":true,"href":"https:\/\/www.radioluna.it\/news\/wp-json\/wp\/v2\/categories?post=198473"},{"taxonomy":"post_tag","embeddable":true,"href":"https:\/\/www.radioluna.it\/news\/wp-json\/wp\/v2\/tags?post=198473"}],"curies":[{"name":"wp","href":"https:\/\/api.w.org\/{rel}","templated":true}]}}