{"id":198489,"date":"2017-10-09T13:39:44","date_gmt":"2017-10-09T11:39:44","guid":{"rendered":"http:\/\/www.radioluna.it\/news\/?p=198489"},"modified":"2017-10-09T13:39:44","modified_gmt":"2017-10-09T11:39:44","slug":"calcio-i-commercialisti-di-latina-in-campo-per-il-campionato-nazionale","status":"publish","type":"post","link":"https:\/\/www.radioluna.it\/news\/2017\/10\/calcio-i-commercialisti-di-latina-in-campo-per-il-campionato-nazionale\/","title":{"rendered":"Calcio, i commercialisti di Latina in campo per il Campionato Nazionale"},"content":{"rendered":"<div id=\"fb-root\"><\/div>\n<p style=\"text-align: justify;\"><img loading=\"lazy\" decoding=\"async\" class=\"aligncenter size-thumbnail wp-image-198490\" src=\"http:\/\/www.radioluna.it\/news\/wp-content\/uploads\/2017\/10\/COMMERCIALISTI-689x387.jpg\" alt=\"\" width=\"689\" height=\"387\" srcset=\"https:\/\/www.radioluna.it\/news\/wp-content\/uploads\/2017\/10\/COMMERCIALISTI-689x387.jpg 689w, https:\/\/www.radioluna.it\/news\/wp-content\/uploads\/2017\/10\/COMMERCIALISTI-300x169.jpg 300w, https:\/\/www.radioluna.it\/news\/wp-content\/uploads\/2017\/10\/COMMERCIALISTI-768x432.jpg 768w, https:\/\/www.radioluna.it\/news\/wp-content\/uploads\/2017\/10\/COMMERCIALISTI-1024x576.jpg 1024w, https:\/\/www.radioluna.it\/news\/wp-content\/uploads\/2017\/10\/COMMERCIALISTI-500x281.jpg 500w, https:\/\/www.radioluna.it\/news\/wp-content\/uploads\/2017\/10\/COMMERCIALISTI-800x450.jpg 800w, https:\/\/www.radioluna.it\/news\/wp-content\/uploads\/2017\/10\/COMMERCIALISTI.jpg 1153w\" sizes=\"auto, (max-width: 689px) 100vw, 689px\" \/><strong>LATINA<\/strong> &#8211; I commercialisti di Latina si preparano a scendere in campo per un nuovo campionato nazionale di calcio. La squadra nerazzurra,\u00a0nata quindici anni fa, si \u00e8 potuta togliere diverse soddisfazioni e non ha intenzione di smettere: due volte campione d&#8217;Italia, \u00e8 andata 7 volte in\u00a0finalissima, classificandosi al secondo posto, come avvenuto nella finale di Bari a giugno scorso. Da qui si riparte.<\/p>\n<p style=\"text-align: justify;\">Al gruppo storico si sono aggiunte nel corso degli anni nuove leve, ma\u00a0 &#8211; dicono dall&#8217;Ordine\u00a0 &#8211; &#8220;ogni anno servono nuovi commercialisti-calciatori da inserire in rosa, per rinforzare la squadra e renderla sempre pi\u00f9 competitiva. Solo cos\u00ec \u00e8 possibile dare continuit\u00e0 ad una bella storia di calcio e amicizia che vede nell\u2019allenatore Roberto Tomassini ( il dirigente \u00e8 Gabriele Iannaccone) una delle colonne di questo team&#8221;. La stagione 2017\/2018, infatti, si preannuncia particolarmente intensa per l&#8217;undici che sar\u00e0 capitanato da Daniele Calcabrini.<\/p>\n<p style=\"text-align: justify;\">Latina con i suoi trascorsi pu\u00f2 permettersi anche quest&#8217;anno di pensare in grande, e avere come meta le finali, con la benedizione del presidente Efrem Romagnoli e del vice Valerio Raffaelli, che ringraziano i colleghi calciatori per l&#8217;impegno.<\/p>\n","protected":false},"excerpt":{"rendered":"<p>LATINA &#8211; I commercialisti di Latina si preparano a scendere in campo per un nuovo campionato nazionale di calcio. La squadra nerazzurra,\u00a0nata quindici anni fa, si \u00e8 potuta togliere diverse soddisfazioni e non ha intenzione di smettere: due volte campione d&#8217;Italia, \u00e8 andata 7 volte in\u00a0finalissima, classificandosi al secondo posto, come avvenuto nella finale di [&hellip;]<\/p>\n","protected":false},"author":62,"featured_media":198490,"comment_status":"open","ping_status":"closed","sticky":false,"template":"","format":"standard","meta":{"footnotes":""},"categories":[17],"tags":[],"class_list":["post-198489","post","type-post","status-publish","format-standard","has-post-thumbnail","hentry","category-sport"],"_links":{"self":[{"href":"https:\/\/www.radioluna.it\/news\/wp-json\/wp\/v2\/posts\/198489","targetHints":{"allow":["GET"]}}],"collection":[{"href":"https:\/\/www.radioluna.it\/news\/wp-json\/wp\/v2\/posts"}],"about":[{"href":"https:\/\/www.radioluna.it\/news\/wp-json\/wp\/v2\/types\/post"}],"author":[{"embeddable":true,"href":"https:\/\/www.radioluna.it\/news\/wp-json\/wp\/v2\/users\/62"}],"replies":[{"embeddable":true,"href":"https:\/\/www.radioluna.it\/news\/wp-json\/wp\/v2\/comments?post=198489"}],"version-history":[{"count":0,"href":"https:\/\/www.radioluna.it\/news\/wp-json\/wp\/v2\/posts\/198489\/revisions"}],"wp:featuredmedia":[{"embeddable":true,"href":"https:\/\/www.radioluna.it\/news\/wp-json\/wp\/v2\/media\/198490"}],"wp:attachment":[{"href":"https:\/\/www.radioluna.it\/news\/wp-json\/wp\/v2\/media?parent=198489"}],"wp:term":[{"taxonomy":"category","embeddable":true,"href":"https:\/\/www.radioluna.it\/news\/wp-json\/wp\/v2\/categories?post=198489"},{"taxonomy":"post_tag","embeddable":true,"href":"https:\/\/www.radioluna.it\/news\/wp-json\/wp\/v2\/tags?post=198489"}],"curies":[{"name":"wp","href":"https:\/\/api.w.org\/{rel}","templated":true}]}}