{"id":198515,"date":"2017-10-10T08:34:09","date_gmt":"2017-10-10T06:34:09","guid":{"rendered":"http:\/\/www.radioluna.it\/news\/?p=198515"},"modified":"2017-10-11T14:10:57","modified_gmt":"2017-10-11T12:10:57","slug":"latina-demolita-la-panchina-di-piazza-san-marco","status":"publish","type":"post","link":"https:\/\/www.radioluna.it\/news\/2017\/10\/latina-demolita-la-panchina-di-piazza-san-marco\/","title":{"rendered":"Latina, demolita la panchina di Piazza San Marco"},"content":{"rendered":"<div id=\"fb-root\"><\/div>\n<p>[URIS id=198510]<\/p>\n<p style=\"text-align: justify;\"><strong>LATINA<\/strong> &#8211;\u00a0 Qualcuno ha demolito una delle panchine in travertino di Piazza San Marco. Non deve essere stato proprio semplice fare a pezzi il marmo, ma come vedete dalle foto, l&#8217;operazione distruzione \u00e8 ben riuscita. E non \u00e8 esattamente un giorno che la cosa \u00e8 accaduta, al contrario sono settimane che l&#8217;ormai ex panchina \u00e8 stata avvolta con il nastro rosso e bianco che si usa per segnalare il pericolo, e lasciata l\u00ec. Un piccolo cumulo di macerie in centro citt\u00e0: sar\u00e0 forse ora di provvedere almeno a rimuoverle.<\/p>\n","protected":false},"excerpt":{"rendered":"<p>[URIS id=198510] LATINA &#8211;\u00a0 Qualcuno ha demolito una delle panchine in travertino di Piazza San Marco. Non deve essere stato proprio semplice fare a pezzi il marmo, ma come vedete dalle foto, l&#8217;operazione distruzione \u00e8 ben riuscita. E non \u00e8 esattamente un giorno che la cosa \u00e8 accaduta, al contrario sono settimane che l&#8217;ormai ex [&hellip;]<\/p>\n","protected":false},"author":62,"featured_media":198516,"comment_status":"open","ping_status":"closed","sticky":false,"template":"","format":"standard","meta":{"footnotes":""},"categories":[2311],"tags":[],"class_list":["post-198515","post","type-post","status-publish","format-standard","has-post-thumbnail","hentry","category-foto"],"_links":{"self":[{"href":"https:\/\/www.radioluna.it\/news\/wp-json\/wp\/v2\/posts\/198515","targetHints":{"allow":["GET"]}}],"collection":[{"href":"https:\/\/www.radioluna.it\/news\/wp-json\/wp\/v2\/posts"}],"about":[{"href":"https:\/\/www.radioluna.it\/news\/wp-json\/wp\/v2\/types\/post"}],"author":[{"embeddable":true,"href":"https:\/\/www.radioluna.it\/news\/wp-json\/wp\/v2\/users\/62"}],"replies":[{"embeddable":true,"href":"https:\/\/www.radioluna.it\/news\/wp-json\/wp\/v2\/comments?post=198515"}],"version-history":[{"count":0,"href":"https:\/\/www.radioluna.it\/news\/wp-json\/wp\/v2\/posts\/198515\/revisions"}],"wp:featuredmedia":[{"embeddable":true,"href":"https:\/\/www.radioluna.it\/news\/wp-json\/wp\/v2\/media\/198516"}],"wp:attachment":[{"href":"https:\/\/www.radioluna.it\/news\/wp-json\/wp\/v2\/media?parent=198515"}],"wp:term":[{"taxonomy":"category","embeddable":true,"href":"https:\/\/www.radioluna.it\/news\/wp-json\/wp\/v2\/categories?post=198515"},{"taxonomy":"post_tag","embeddable":true,"href":"https:\/\/www.radioluna.it\/news\/wp-json\/wp\/v2\/tags?post=198515"}],"curies":[{"name":"wp","href":"https:\/\/api.w.org\/{rel}","templated":true}]}}