{"id":198525,"date":"2017-10-10T11:06:38","date_gmt":"2017-10-10T09:06:38","guid":{"rendered":"http:\/\/www.radioluna.it\/news\/?p=198525"},"modified":"2017-10-10T11:06:38","modified_gmt":"2017-10-10T09:06:38","slug":"ultimi-appuntamenti-con-learly-music-festival-del-respighi","status":"publish","type":"post","link":"https:\/\/www.radioluna.it\/news\/2017\/10\/ultimi-appuntamenti-con-learly-music-festival-del-respighi\/","title":{"rendered":"Ultimi appuntamenti con l&#8217;Early Music Festival del Respighi"},"content":{"rendered":"<div id=\"fb-root\"><\/div>\n<p><a href=\"http:\/\/www.radioluna.it\/news\/wp-content\/uploads\/2017\/10\/Foto-EMF-2017.jpg\"><img loading=\"lazy\" decoding=\"async\" class=\"aligncenter size-thumbnail wp-image-198526\" src=\"http:\/\/www.radioluna.it\/news\/wp-content\/uploads\/2017\/10\/Foto-EMF-2017-689x492.jpg\" alt=\"\" width=\"689\" height=\"492\" \/><\/a><\/p>\n<p style=\"text-align: justify;\"><strong>SERMONETA &#8211;<\/strong>\u00a0Ultimo doppio appuntamento con l\u2019Early Music Festival organizzato dal Dipartimento di Musica Antica del Conservatorio Statale di Musica \u201cRespighi\u201d di Latina.\u00a0Il Festival conclude la sua V edizione con le \u201cLitanie della Beata Vergine Maria\u201d in programma sabato (14 ottobre) alle ore 21 nella chiesa di San Michele Arcangelo di Sermoneta e domenica alla Basilica di San Giorgio al Velabro a Roma. Il concerto, dedicato alla musica sacra del Seicento e diretto dal Maestro Paolo Capirci, \u00e8 incentrato sull\u2019omonima produzione musicale del XVII secolo di autori quali C. Monteverdi, P. Lorenzani, G. Frescobaldi, A. Melani, M. A. Charpentier. L\u2019esecuzione vedr\u00e0 impegnati, oltre gli allievi della classe di viola da gamba del M\u00b0 Gianni La Marca del Conservatorio di Latina, anche la classe di liuto del M\u00b0 Andrea Damiani del Conservatorio \u201cS. Cecilia\u201d di Roma e il Coro da Camera Italiano con i quali il Dipartimento di Musica Antica ha instaurato una proficua collaborazione gi\u00e0 nel corso delle precedenti edizioni del Festival. A testimonianza dell\u2019alto valore artistico e formativo, il concerto sar\u00e0 trasmesso in differita sulle frequenze di Radio Vaticana.<\/p>\n<p style=\"text-align: justify;\">L\u2019Early Music Festival chiude cos\u00ec la sua edizione 2017 con un bilancio pi\u00f9 che mai positivo, a partire dalla presenza nella Capitale con ben due appuntamenti presso la meravigliosa cornice della Basilica di San Giorgio al Velabro.<\/p>\n<p style=\"text-align: justify;\">Non solo: la proficua collaborazione con il Conservatorio \u201cS. Cecilia\u201d di Roma ha permesso la realizzazione di due produzioni artistiche, per un totale di quattro concerti. L\u2019incontro tra i docenti e gli allievi delle classi di musica antica delle due Istituzioni ha infatti dato vita a due progetti (\u201cVespri al tempo di Claudio Monteverdi\u201d e \u201cLitanie della Beata Vergine Maria\u201d) il cui allestimento ha visto la partecipazione complessiva di pi\u00f9 di venti elementi.<\/p>\n<p style=\"text-align: justify;\">L\u2019esperienza dell\u2019Early Music Festival, attraverso l\u2019impegno di tutti i docenti del Dipartimento, testimonia la volont\u00e0 e la capacit\u00e0 di coinvolgere gli studenti all\u2019interno della vita artistica del Conservatorio, al di l\u00e0 delle \u201csole\u201d attivit\u00e0 didattiche: ogni anno, infatti, viene data ai migliori allievi la possibilit\u00e0 di arricchire la programmazione artistica del Festival con proposte nate su loro iniziativa. Tali presupposti costituiscono la premessa migliore in vista dell\u2019apertura delle nuove classi di musica antica prevista per l\u2019Anno Accademico di prossimo avvio. Il Dipartimento di Musica Antica \u00e8 infatti in procinto di riaprire il termini per la presentazione delle domande di ammissione ai corsi accademici di I livello e dar\u00e0 opportuna comunicazione in merito alle tempistiche e alle modalit\u00e0 di selezione.<\/p>\n<p style=\"text-align: justify;\">La manifestazione \u00e8 realizzata con il patrocinio del Comune di Sermoneta che, a partire dal 2014, sostiene il Conservatorio di Latina ospitando i concerti dell\u2019Early Music Festival all\u2019interno dei luoghi pi\u00f9 suggestivi della citt\u00e0, permettendo di valorizzare e promuovere le attivit\u00e0 del Dipartimento su un territorio che, per la sua storia e la sua bellezza artistica, rappresenta una cornice ideale questo tipo di iniziative.<\/p>\n<p style=\"text-align: justify;\">Tutti concerti sono a ingresso libero fino a esaurimento posti. Info:\u00a00773 664173.<\/p>\n","protected":false},"excerpt":{"rendered":"<p>SERMONETA &#8211;\u00a0Ultimo doppio appuntamento con l\u2019Early Music Festival organizzato dal Dipartimento di Musica Antica del Conservatorio Statale di Musica \u201cRespighi\u201d di Latina.\u00a0Il Festival conclude la sua V edizione con le \u201cLitanie della Beata Vergine Maria\u201d in programma sabato (14 ottobre) alle ore 21 nella chiesa di San Michele Arcangelo di Sermoneta e domenica alla Basilica [&hellip;]<\/p>\n","protected":false},"author":60,"featured_media":0,"comment_status":"open","ping_status":"closed","sticky":false,"template":"","format":"standard","meta":{"footnotes":""},"categories":[16],"tags":[],"class_list":["post-198525","post","type-post","status-publish","format-standard","hentry","category-appuntamenti"],"_links":{"self":[{"href":"https:\/\/www.radioluna.it\/news\/wp-json\/wp\/v2\/posts\/198525","targetHints":{"allow":["GET"]}}],"collection":[{"href":"https:\/\/www.radioluna.it\/news\/wp-json\/wp\/v2\/posts"}],"about":[{"href":"https:\/\/www.radioluna.it\/news\/wp-json\/wp\/v2\/types\/post"}],"author":[{"embeddable":true,"href":"https:\/\/www.radioluna.it\/news\/wp-json\/wp\/v2\/users\/60"}],"replies":[{"embeddable":true,"href":"https:\/\/www.radioluna.it\/news\/wp-json\/wp\/v2\/comments?post=198525"}],"version-history":[{"count":0,"href":"https:\/\/www.radioluna.it\/news\/wp-json\/wp\/v2\/posts\/198525\/revisions"}],"wp:attachment":[{"href":"https:\/\/www.radioluna.it\/news\/wp-json\/wp\/v2\/media?parent=198525"}],"wp:term":[{"taxonomy":"category","embeddable":true,"href":"https:\/\/www.radioluna.it\/news\/wp-json\/wp\/v2\/categories?post=198525"},{"taxonomy":"post_tag","embeddable":true,"href":"https:\/\/www.radioluna.it\/news\/wp-json\/wp\/v2\/tags?post=198525"}],"curies":[{"name":"wp","href":"https:\/\/api.w.org\/{rel}","templated":true}]}}