{"id":198534,"date":"2017-10-12T19:48:09","date_gmt":"2017-10-12T17:48:09","guid":{"rendered":"http:\/\/www.radioluna.it\/news\/?p=198534"},"modified":"2017-10-12T19:48:09","modified_gmt":"2017-10-12T17:48:09","slug":"latina-accessibile-focus-in-comune-con-i-pionieri-del-no-barriere","status":"publish","type":"post","link":"https:\/\/www.radioluna.it\/news\/2017\/10\/latina-accessibile-focus-in-comune-con-i-pionieri-del-no-barriere\/","title":{"rendered":"Latina accessibile, focus in Comune con i pionieri del no-barriere"},"content":{"rendered":"<div id=\"fb-root\"><\/div>\n<p style=\"text-align: justify;\"><strong><img loading=\"lazy\" decoding=\"async\" class=\"aligncenter size-thumbnail wp-image-198628\" src=\"http:\/\/www.radioluna.it\/news\/wp-content\/uploads\/2017\/10\/barriere-architettoniche-carrozzina-689x500.jpg\" alt=\"\" width=\"689\" height=\"500\" srcset=\"https:\/\/www.radioluna.it\/news\/wp-content\/uploads\/2017\/10\/barriere-architettoniche-carrozzina-689x500.jpg 689w, https:\/\/www.radioluna.it\/news\/wp-content\/uploads\/2017\/10\/barriere-architettoniche-carrozzina-300x218.jpg 300w, https:\/\/www.radioluna.it\/news\/wp-content\/uploads\/2017\/10\/barriere-architettoniche-carrozzina-768x558.jpg 768w, https:\/\/www.radioluna.it\/news\/wp-content\/uploads\/2017\/10\/barriere-architettoniche-carrozzina-1024x743.jpg 1024w, https:\/\/www.radioluna.it\/news\/wp-content\/uploads\/2017\/10\/barriere-architettoniche-carrozzina-500x363.jpg 500w, https:\/\/www.radioluna.it\/news\/wp-content\/uploads\/2017\/10\/barriere-architettoniche-carrozzina-800x581.jpg 800w, https:\/\/www.radioluna.it\/news\/wp-content\/uploads\/2017\/10\/barriere-architettoniche-carrozzina.jpg 1920w\" sizes=\"auto, (max-width: 689px) 100vw, 689px\" \/>LATINA<\/strong> &#8211; Abbattere le barriere fisiche, ma anche sensoriali, percettive e culturali. Per aprire gli occhi sul tema (che hanno ben presente solo le persone costrette a farci i conti) venerd\u00ec 13 ottobre, nei Giardini e davanti al Palazzo comunale il Comune di Latina promuove: La citt\u00e0 accessibile, focus organizzato in collaborazione con il coordinamento \u201cVia libera\u201d che riunisce le associazioni di volontariato e promozione sociale presenti sul territorio e con i rispettivi Osservatori comunali.<\/p>\n<p style=\"text-align: justify;\">\u00abSar\u00e0 un\u2019occasione importante per parlare di accessibilit\u00e0 nel suo significato pi\u00f9 alto \u2013 afferma l\u2019assessora al Welfare, Partecipazione e Pari opportunit\u00e0\u00a0 Patrizia Ciccarelli &#8211; intesa in senso lato, non solo fisico-ambientale. L&#8217;accessibilit\u00e0 non \u00e8 solo assenza di barriere architettoniche, ma una citt\u00e0 pi\u00f9 semplice e vivibile per tutti. Non si tratta di eliminare, ma di progettare pensando ai bisogni dei disabili come a quelli degli anziani o delle famiglie con bimbi piccoli e passeggini. Una citt\u00e0 accessibile \u00e8 una citt\u00e0 pi\u00f9 bella e comoda per tutti. Questa \u00e8 la sfida che come Amministrazione ci siamo posti\u00bb.<\/p>\n<p style=\"text-align: justify;\"><strong>LE INTERVISTE<\/strong> &#8211; Due interviste con i guru dell&#8217;accessibilit\u00e0 cercheranno di mettere a fuoco il tema sotto i suoi vari aspetti: l\u2019assessore al Governo del Territorio, Lavori pubblici e Trasporti Gianfranco Buttarelli intervister\u00e0 l\u2019architetto Fabrizio Vescovo, pioniere dei concetti di accessibilit\u00e0 e fruibilit\u00e0 generalizzata; mentre l\u2019assessora\u00a0 Ciccarelli intervister\u00e0 Giorgio Raffaelli, Presidente\u00a0del Festival\u00a0per le\u00a0Citt\u00e0 Accessibili. Nello spazio dedicato al dibattito Interverranno anche il Sindaco Damiano Coletta e Angelo Mangullo del coordinamento \u201cVia libera\u201d. Alle 19.00 ci sar\u00e0 un momento dedicato allo spettacolo con Felice Pantone, musicista e\u00a0cantastorie\u00a0ufficiale per le citt\u00e0 accessibili, e il coinvolgimento dei ragazzi dell\u2019associazione Diaphor\u00e0.<\/p>\n<p><strong>GLI STAND<\/strong> &#8211; Fino alle 17.00 si potranno visitare gli stand delle associazioni impegnate sul fronte dell\u2019accessibilit\u00e0: &#8220;Il percorso espositivo allestito\u00a0 &#8211; spiegano da Piazza del Popolo &#8211; racconter\u00e0 gli obiettivi che l\u2019Amministrazione intende perseguire per rendere Latina una citt\u00e0 accessibile e inclusiva per tutti&#8221;.<\/p>\n","protected":false},"excerpt":{"rendered":"<p>LATINA &#8211; Abbattere le barriere fisiche, ma anche sensoriali, percettive e culturali. Per aprire gli occhi sul tema (che hanno ben presente solo le persone costrette a farci i conti) venerd\u00ec 13 ottobre, nei Giardini e davanti al Palazzo comunale il Comune di Latina promuove: La citt\u00e0 accessibile, focus organizzato in collaborazione con il coordinamento [&hellip;]<\/p>\n","protected":false},"author":62,"featured_media":198628,"comment_status":"open","ping_status":"closed","sticky":false,"template":"","format":"standard","meta":{"footnotes":""},"categories":[7],"tags":[],"class_list":["post-198534","post","type-post","status-publish","format-standard","has-post-thumbnail","hentry","category-cronaca"],"_links":{"self":[{"href":"https:\/\/www.radioluna.it\/news\/wp-json\/wp\/v2\/posts\/198534","targetHints":{"allow":["GET"]}}],"collection":[{"href":"https:\/\/www.radioluna.it\/news\/wp-json\/wp\/v2\/posts"}],"about":[{"href":"https:\/\/www.radioluna.it\/news\/wp-json\/wp\/v2\/types\/post"}],"author":[{"embeddable":true,"href":"https:\/\/www.radioluna.it\/news\/wp-json\/wp\/v2\/users\/62"}],"replies":[{"embeddable":true,"href":"https:\/\/www.radioluna.it\/news\/wp-json\/wp\/v2\/comments?post=198534"}],"version-history":[{"count":0,"href":"https:\/\/www.radioluna.it\/news\/wp-json\/wp\/v2\/posts\/198534\/revisions"}],"wp:featuredmedia":[{"embeddable":true,"href":"https:\/\/www.radioluna.it\/news\/wp-json\/wp\/v2\/media\/198628"}],"wp:attachment":[{"href":"https:\/\/www.radioluna.it\/news\/wp-json\/wp\/v2\/media?parent=198534"}],"wp:term":[{"taxonomy":"category","embeddable":true,"href":"https:\/\/www.radioluna.it\/news\/wp-json\/wp\/v2\/categories?post=198534"},{"taxonomy":"post_tag","embeddable":true,"href":"https:\/\/www.radioluna.it\/news\/wp-json\/wp\/v2\/tags?post=198534"}],"curies":[{"name":"wp","href":"https:\/\/api.w.org\/{rel}","templated":true}]}}