{"id":198607,"date":"2017-10-12T15:12:22","date_gmt":"2017-10-12T13:12:22","guid":{"rendered":"http:\/\/www.radioluna.it\/news\/?p=198607"},"modified":"2017-10-12T15:12:22","modified_gmt":"2017-10-12T13:12:22","slug":"coletta-tra-i-relatori-al-primo-festival-di-pubblica-utilita","status":"publish","type":"post","link":"https:\/\/www.radioluna.it\/news\/2017\/10\/coletta-tra-i-relatori-al-primo-festival-di-pubblica-utilita\/","title":{"rendered":"Coletta tra i relatori al primo Festival di Pubblica Utilit\u00e0"},"content":{"rendered":"<div id=\"fb-root\"><\/div>\n<p><iframe loading=\"lazy\" title=\"imola punto di partenza\" width=\"740\" height=\"416\" src=\"https:\/\/www.youtube.com\/embed\/XykwxTLtzWI?feature=oembed\" frameborder=\"0\" allow=\"accelerometer; autoplay; clipboard-write; encrypted-media; gyroscope; picture-in-picture; web-share\" referrerpolicy=\"strict-origin-when-cross-origin\" allowfullscreen><\/iframe><\/p>\n<p style=\"text-align: justify;\"><strong>LATINA<\/strong> &#8211; Il sindaco di Latina, Damiano Coletta parteciper\u00e0 al primo Festival di pubblica utilit\u00e0 ideato e organizzato da Symbola,\u00a0che si svolger\u00e0 il 20 ottobre all&#8217;Autodromo internazionale Dino ed Enzo Ferrari di Imola. Al centro degli interventi, il bene comune nelle sue varie accezioni e sfaccettature, raccontato attraverso storie virtuose. Ma la premessa sar\u00e0 capire come lo intendono gli italiani e che valore gli danno.<\/p>\n<p style=\"text-align: justify;\">&#8220;Il Festival\u00a0 &#8211; spiegano da Symbola &#8211; si apre con la presentazione della prima ricerca sulla percezione che gli italiani hanno del valore pubblico e del bene comune , realizzata da Ipsos con la nostra Fondazione &#8211;\u00a0 Nando Pagnoncelli illustrer\u00e0 i dati della ricerca e racconter\u00e0 come gli italiani affrontano il concetto del bene comune, cosa si aspettano dalle pubbliche amministrazioni, se si sentono soltanto utenti o se, invece, ritengono fondamentale un impegno per\u00a0migliorare la societ\u00e0 e la propria comunit\u00e0&#8221;.<\/p>\n<p style=\"text-align: justify;\">&#8220;Proviamo a raccontare non solo la pubblica amministrazione che funziona, ma anche la capacit\u00e0 di reazione delle imprese e dei territori che sperimentano nuove forme di relazione e di innovazione nella societ\u00e0, e le esperienze di un &#8220;terzo settore&#8221; diffuso e competente, grazie al quale i nostri territori sono pi\u00f9 forti e coesi&#8221;, sottolinea il Presidente di Symola Ermete Realacci che in autunno ha incontrato Coletta, interessato al percorso che il sindaco civico di Latina ha intrapreso con il suo movimento Latina Bene Comune.<\/p>\n<p style=\"text-align: justify;\"><strong>IL PROGRAMMA<\/strong> &#8211; Subito dopo il saluto del sindaco di Imola, Daniele Manca,\u00a0 e l&#8217;intervento di Realacci,\u00a0la giornata, condotta dal direttore di Radio Tre, Marino Sinibaldi, dar\u00e0\u00a0 spazio ai confronti tra quanti sono impegnati in servizi di pubblica utilit\u00e0, che racconteranno le proprie storie e le proprie esperienze.<\/p>\n<p style=\"text-align: justify;\">Alle 10,30 l&#8217;intervento del sindaco di Latina nell&#8217;ambito della tavola rotonda\u00a0L\u2019ITALIA CHE FUNZIONA ED INNOVA<\/p>\n<p style=\"text-align: justify;\"><strong>Marino Sinibaldi<\/strong>\u00a0<em>Direttore Radio Rai 3<\/em><strong><em><br \/>\n<\/em><\/strong>dialoga con<br \/>\n<strong>Antonio Decaro<\/strong>\u00a0<em>Presidente ANCI<\/em>,\u00a0<strong>Leonardo Bassilichi<\/strong><em>\u00a0Presidente Bassilichi,<\/em>\u00a0<strong>Damiano Coletta<\/strong>\u00a0<em>Sindaco di Latina<\/em>,\u00a0<strong>Matteo Del Fante<\/strong><em>\u00a0Amministratore Delegato Poste Italiane,\u00a0<\/em><strong>Mauro Felicori<\/strong>\u00a0<em>Direttore Reggia di Caserta<\/em>,\u00a0<strong>Marco Frey<\/strong>\u00a0<em>Presidente nazionale Cittadinanza Attiva e Presidente Comitato Scientifico Fondazione Symbola<\/em>,\u00a0<strong>Agostino Giovagnoli<\/strong><em>\u00a0Professore Ordinario di Storia Contemporanea Universit\u00e0 Cattolica del Sacro Cuore<\/em>,\u00a0<strong>Vincenzo Linarello<\/strong>\u00a0<em>Presidente Cooperativa Goel,<\/em>\u00a0<strong>Mauro Lusetti<\/strong><em>\u00a0Presidente Legacoop<\/em>,\u00a0<strong>Catiuscia Marini<\/strong><em>\u00a0Presidente Regione Umbria<\/em><\/p>\n<p style=\"text-align: justify;\">\nPer il programma di dettaglio: www.dipubblicautilita.it<\/p>\n<p style=\"text-align: justify;\">Il Festival \u00e8 realizzato in collaborazione con il Comune di Imola e dal Con.ami, con il patrocinio della Presidenza del Consiglio e del ministero per la Pubblica amministrazione e l&#8217;innovazione.\u00a0Partecipano al Festival, tra gli altri, il ministro per la Pubblica Amministrazione, Marianna\u00a0Madia, il ministro per lo Sport, Luca Lotti, e il sottosegretario alla presidenza del Consiglio Angelo Rughetti.<\/p>\n","protected":false},"excerpt":{"rendered":"<p>LATINA &#8211; Il sindaco di Latina, Damiano Coletta parteciper\u00e0 al primo Festival di pubblica utilit\u00e0 ideato e organizzato da Symbola,\u00a0che si svolger\u00e0 il 20 ottobre all&#8217;Autodromo internazionale Dino ed Enzo Ferrari di Imola. Al centro degli interventi, il bene comune nelle sue varie accezioni e sfaccettature, raccontato attraverso storie virtuose. Ma la premessa sar\u00e0 capire [&hellip;]<\/p>\n","protected":false},"author":62,"featured_media":198608,"comment_status":"open","ping_status":"closed","sticky":false,"template":"","format":"standard","meta":{"footnotes":""},"categories":[735,2312],"tags":[],"class_list":["post-198607","post","type-post","status-publish","format-standard","has-post-thumbnail","hentry","category-attualita","category-video"],"_links":{"self":[{"href":"https:\/\/www.radioluna.it\/news\/wp-json\/wp\/v2\/posts\/198607","targetHints":{"allow":["GET"]}}],"collection":[{"href":"https:\/\/www.radioluna.it\/news\/wp-json\/wp\/v2\/posts"}],"about":[{"href":"https:\/\/www.radioluna.it\/news\/wp-json\/wp\/v2\/types\/post"}],"author":[{"embeddable":true,"href":"https:\/\/www.radioluna.it\/news\/wp-json\/wp\/v2\/users\/62"}],"replies":[{"embeddable":true,"href":"https:\/\/www.radioluna.it\/news\/wp-json\/wp\/v2\/comments?post=198607"}],"version-history":[{"count":0,"href":"https:\/\/www.radioluna.it\/news\/wp-json\/wp\/v2\/posts\/198607\/revisions"}],"wp:featuredmedia":[{"embeddable":true,"href":"https:\/\/www.radioluna.it\/news\/wp-json\/wp\/v2\/media\/198608"}],"wp:attachment":[{"href":"https:\/\/www.radioluna.it\/news\/wp-json\/wp\/v2\/media?parent=198607"}],"wp:term":[{"taxonomy":"category","embeddable":true,"href":"https:\/\/www.radioluna.it\/news\/wp-json\/wp\/v2\/categories?post=198607"},{"taxonomy":"post_tag","embeddable":true,"href":"https:\/\/www.radioluna.it\/news\/wp-json\/wp\/v2\/tags?post=198607"}],"curies":[{"name":"wp","href":"https:\/\/api.w.org\/{rel}","templated":true}]}}