{"id":198656,"date":"2017-10-13T12:47:35","date_gmt":"2017-10-13T10:47:35","guid":{"rendered":"http:\/\/www.radioluna.it\/news\/?p=198656"},"modified":"2017-10-13T12:47:35","modified_gmt":"2017-10-13T10:47:35","slug":"creando-con-la-storia-la-mostra-nei-locali-dellex-garage-ruspi-a-latina","status":"publish","type":"post","link":"https:\/\/www.radioluna.it\/news\/2017\/10\/creando-con-la-storia-la-mostra-nei-locali-dellex-garage-ruspi-a-latina\/","title":{"rendered":"Creando con la storia, la mostra nei locali dell&#8217;ex Garage Ruspi a Latina"},"content":{"rendered":"<div id=\"fb-root\"><\/div>\n<p style=\"text-align: justify;\"><strong><a href=\"http:\/\/www.radioluna.it\/news\/wp-content\/uploads\/2017\/10\/Creando-con-la-storia.jpg\"><img loading=\"lazy\" decoding=\"async\" class=\"aligncenter size-full wp-image-198657\" src=\"http:\/\/www.radioluna.it\/news\/wp-content\/uploads\/2017\/10\/Creando-con-la-storia.jpg\" alt=\"\" width=\"683\" height=\"960\" \/><\/a>LATINA &#8211;<\/strong> Il Comune di Latina, in collaborazione con la Casa dell\u2019Architettura, inaugura domenica alle ore 17,00 la mostra \u201cCreando con la storia\u201d.\u00a0Nei locali dell\u2019ex garage Ruspi vengono esposti documenti, indagini, progetti che narrano la storia della citt\u00e0 dalla sua fondazione ad oggi, con lo scopo di coinvolgere le nuove generazioni nella conoscenza del patrimonio artistico, paesaggistico e architettonico di Latina.\u00a0I materiali esposti, provenienti dal patrimonio archivistico della Casa dell\u2019Architettura, elaborati con moderne tecniche di modellazione digitale in grado di mettere insieme una moltitudine di informazioni documentali, sono il frutto delle ricerche dell\u2019istituto e dei progetti di collaborazione che lo stesso ha instaurato con il sistema educativo di ogni livello e grado, rafforzando in tal modo il senso di appartenenza al territorio come stimolo per la riscoperta di un\u2019identit\u00e0 comune.\u00a0La mostra rimarr\u00e0 aperta dal 15 al 31 ottobre 2017 il luned\u00ec e venerd\u00ec 16,00 \u2013 19,00 (solo per le scuole 10,30 \u2013 13,00 su prenotazione), sabato 16,00- 19,00 ,\u00a0Domenica 10,00 \u2013 19,00\u00a0Per informazioni: cda@casadellarchitettura.eu<\/p>\n","protected":false},"excerpt":{"rendered":"<p>LATINA &#8211; Il Comune di Latina, in collaborazione con la Casa dell\u2019Architettura, inaugura domenica alle ore 17,00 la mostra \u201cCreando con la storia\u201d.\u00a0Nei locali dell\u2019ex garage Ruspi vengono esposti documenti, indagini, progetti che narrano la storia della citt\u00e0 dalla sua fondazione ad oggi, con lo scopo di coinvolgere le nuove generazioni nella conoscenza del patrimonio [&hellip;]<\/p>\n","protected":false},"author":60,"featured_media":0,"comment_status":"open","ping_status":"closed","sticky":false,"template":"","format":"standard","meta":{"footnotes":""},"categories":[16],"tags":[],"class_list":["post-198656","post","type-post","status-publish","format-standard","hentry","category-appuntamenti"],"_links":{"self":[{"href":"https:\/\/www.radioluna.it\/news\/wp-json\/wp\/v2\/posts\/198656","targetHints":{"allow":["GET"]}}],"collection":[{"href":"https:\/\/www.radioluna.it\/news\/wp-json\/wp\/v2\/posts"}],"about":[{"href":"https:\/\/www.radioluna.it\/news\/wp-json\/wp\/v2\/types\/post"}],"author":[{"embeddable":true,"href":"https:\/\/www.radioluna.it\/news\/wp-json\/wp\/v2\/users\/60"}],"replies":[{"embeddable":true,"href":"https:\/\/www.radioluna.it\/news\/wp-json\/wp\/v2\/comments?post=198656"}],"version-history":[{"count":0,"href":"https:\/\/www.radioluna.it\/news\/wp-json\/wp\/v2\/posts\/198656\/revisions"}],"wp:attachment":[{"href":"https:\/\/www.radioluna.it\/news\/wp-json\/wp\/v2\/media?parent=198656"}],"wp:term":[{"taxonomy":"category","embeddable":true,"href":"https:\/\/www.radioluna.it\/news\/wp-json\/wp\/v2\/categories?post=198656"},{"taxonomy":"post_tag","embeddable":true,"href":"https:\/\/www.radioluna.it\/news\/wp-json\/wp\/v2\/tags?post=198656"}],"curies":[{"name":"wp","href":"https:\/\/api.w.org\/{rel}","templated":true}]}}