{"id":198665,"date":"2017-10-13T23:50:02","date_gmt":"2017-10-13T21:50:02","guid":{"rendered":"http:\/\/www.radioluna.it\/news\/?p=198665"},"modified":"2017-10-14T07:56:12","modified_gmt":"2017-10-14T05:56:12","slug":"coletta-replica-a-gasparri-accuse-offensive-alla-citta","status":"publish","type":"post","link":"https:\/\/www.radioluna.it\/news\/2017\/10\/coletta-replica-a-gasparri-accuse-offensive-alla-citta\/","title":{"rendered":"Coletta replica a Gasparri: accuse offensive alla citt\u00e0 e prepara una conferenza"},"content":{"rendered":"<div id=\"fb-root\"><\/div>\n<p><a href=\"http:\/\/www.radioluna.it\/news\/wp-content\/uploads\/2016\/12\/damiano-coletta.jpg\"><img loading=\"lazy\" decoding=\"async\" class=\"aligncenter size-thumbnail wp-image-186008\" src=\"http:\/\/www.radioluna.it\/news\/wp-content\/uploads\/2016\/12\/damiano-coletta-689x455.jpg\" alt=\"\" width=\"689\" height=\"455\" srcset=\"https:\/\/www.radioluna.it\/news\/wp-content\/uploads\/2016\/12\/damiano-coletta-689x455.jpg 689w, https:\/\/www.radioluna.it\/news\/wp-content\/uploads\/2016\/12\/damiano-coletta-300x198.jpg 300w, https:\/\/www.radioluna.it\/news\/wp-content\/uploads\/2016\/12\/damiano-coletta-768x507.jpg 768w, https:\/\/www.radioluna.it\/news\/wp-content\/uploads\/2016\/12\/damiano-coletta-800x528.jpg 800w, https:\/\/www.radioluna.it\/news\/wp-content\/uploads\/2016\/12\/damiano-coletta.jpg 1000w\" sizes=\"auto, (max-width: 689px) 100vw, 689px\" \/><\/a><\/p>\n<p style=\"text-align: justify;\"><strong>LATINA-<\/strong> Il sindaco di Latina Damiano Coletta replica alle accuse e all&#8217;interrogazione parlamentare di Maurizio Gasparri sulla presunta mancanza di trasparenza da parte dell&#8217;amministrazione comunale di Latina. &lt;Le dichiarazioni del senatore Gasparri sono false e offensive per la citt\u00e0 &#8211; sostiene Coletta &#8211; alla luce del recente passato amministrativo. Questa \u00e8 la testimonianza, l&#8217;ennesima, del degrado etico e morale di un certo modo di fare politica che fa leva sulla macchina del fango senza alcun riscontro oggettivo basato sui fatti. L&#8217;amministrazione comunale intende interrompere questo meccanismo confrontandosi direttamente con la citt\u00e0&gt;. Per questo motivo, annuncia il Comune di Latina, luned\u00ec \u00e8 in programma una conferenza stampa.<\/p>\n<p style=\"text-align: justify;\"><strong>LBC &#8211;\u00a0<\/strong><span class=\"gmail-_5yl5\">&#8220;Ricordiamo al senatore Gasparri che due esponenti di Forza Italia lo scorso giugno sono stati condannati con rito abbreviato, l\u2019ex consigliere comunale Vincenzo Malvaso ad un anno e otto mesi di reclusione e l\u2019ex assessore all&#8217;urbanistica della giunta Di Giorgi Giuseppe Di Rubbo ad un anno, per i reati di abuso d\u2019ufficio e violazione delle norme urbanistiche&#8221;. E&#8217; il preambolo di apertura della lettera del segretario di Lbc Pietro Gava dopo l&#8217;interrogazione di Maurizio Gasparri. &#8220;<\/span><span class=\"gmail-_5yl5\">Trasparenza, legalit\u00e0, partecipazione e cambiamento per noi significano anche portare eventuali varianti al piano regolatore in consiglio comunale.\u00a0<\/span><span class=\"gmail-_5yl5\">Mentre il suo partito governava, le autorit\u00e0 avrebbero potuto dare per scontata la collaborazione? Oggi s\u00ec, e i rappresentanti dello Stato, compreso il vicepresidente del Senato, sono i benvenuti. Sindaco, giunta, consiglieri ed esponenti del movimento, nessuno esiterebbe un istante a mettersi a completa disposizione delle autorit\u00e0 per dare delucidazioni sull\u2019operato che lo riguarda, n\u00e9 ne ostacolerebbe le azioni.\u00a0<\/span><span class=\"gmail-_5yl5\">Ci rendiamo conto che al senatore Gasparri questi comportamenti possano apparire strani, per noi sono la normalit\u00e0 che vogliamo per Latina&#8221;. <\/span><\/p>\n<p>&nbsp;<\/p>\n<p><strong>L&#8217;INTERROGAZIONE<\/strong> &#8211; Pubblichiamo l&#8217;interrogazione di Maurizio Gasparri<\/p>\n<p style=\"text-align: justify;\"><em>Al ministro dell&#8217;Interno<\/em><\/p>\n<p style=\"text-align: justify;\"><em>Premesso che:<\/em><\/p>\n<p style=\"text-align: justify;\"><em>il Comune di Latina dal 19 giugno del 2016 \u00e8 governato da una lista civica che\u00a0si \u00e8 presentata alle ultime elezioni amministrative sull\u2019onda emozionale di un\u00a0rinnovamento caratterizzato da annunci di trasparenza, legalit\u00e0, partecipazione e\u00a0cambiamento;<\/em><\/p>\n<p style=\"text-align: justify;\"><em>lo scorso 20 luglio 2017 motivando le sue dimissioni dalla Giunta, l\u2019assessore\u00a0al personale, il dottor Antonio Costanzo, ha parlato espressamente di mancata attenzione ai valori di trasparenza, legalit\u00e0, partecipazione e cambiamento con i quali la lista si era presentata alle elezioni;<\/em><\/p>\n<p style=\"text-align: justify;\"><em>sarebbe emersa una evidente l&#8217;incompatibilit\u00e0 per un membro della Giunta il cui coniuge opera nello stesso delicato settore oggetto della sua delega;<\/em><\/p>\n<p style=\"text-align: justify;\"><em>l&#8217;opposizione ha lamentato un pesante clima di opacit\u00e0 amministrativa esplicitato anche dal diniego all&#8217;accesso agli atti per quel che riguarda le richieste dei consiglieri comunali di opposizione, ovvero il tentativo di non fornire i documenti richiesti da parte del segretario generale adducendo regolamenti e norme non applicabili ai consiglieri stessi;<\/em><\/p>\n<p style=\"text-align: justify;\"><em>in questi mesi all&#8217;interno dell&#8217;amministrazione comunale di Latina, come da\u00a0notizie in nostro possesso, si \u00e8 assistito ad una preoccupante prassi di modifica\u00a0delle proposte di delibera da presentare alla Giunta effettuata dal nuovo segretario\u00a0generale e responsabile dell\u2019anticorruzione;<\/em><\/p>\n<p style=\"text-align: justify;\"><em>a quanto risulta all&#8217;interrogante le proposte sarebbero state modificate senza l&#8217;acquisizione del parere di regolarit\u00e0 tecnica espresso dal dirigente competente (vedasi ad esempio delibera 244\/2016 del4-11-2016);<\/em><\/p>\n<p style=\"text-align: justify;\"><em>non verrebbe di fatto fornita una motivazione completa e adeguata da parte della Giunta, cosi come prevede invece il comma 4 dell&#8217;articolo 49 del D.Legs 267\/2000, alla modifica nel testo della deliberazione rendendo cos\u00ec l&#8217;atto illegittimo;<\/em><\/p>\n<p style=\"text-align: justify;\"><em>risulterebbe ancora che alcune delibere sarebbero state licenziate dalla Giunta senza la firma del funzionario responsabile.<\/em><\/p>\n<p style=\"text-align: justify;\"><em>risulta all&#8217;interrogante che all&#8217;interno dell&#8217;amministrazione comunale di Latina si \u00e8 provveduto allo spostamento di ruolo del personale dirigente che si \u00e8 rifiutato di firmare atti in difformit\u00e0 da quelli pervenuti in Giunta, o peggio che si sono rifiutati di modificare gli atti successivamente all\u2019approvazione da parte della Giunta;<\/em><\/p>\n<p style=\"text-align: justify;\"><em>risulta altres\u00ec che il dirigente al Suap e al settore trasporti, il dottor Aldo Doria, sia stato costretto al trasferimento, reo di aver risposto ad un interpello interno per l\u2019incarico sulle sponsorizzazioni comunali che la Giunta Coletta aveva in animo di affidare invece ad una professionalit\u00e0 esterna;<\/em><\/p>\n<p style=\"text-align: justify;\"><em>tale comportamento espone l&#8217;amministrazione a conseguenze di esposti e\u00a0segnalazioni da parte dei dipendenti all&#8217;Autorit\u00e0 Giudiziaria come gi\u00e0 avvenuto in\u00a0alcuni casi.<\/em><\/p>\n<p style=\"text-align: justify;\"><em>L&#8217;interrogante ritiene vada attenzionata anche la gestione poco limpida dei concorsi dirigenziali e delle gare d&#8217;appalto per beni e servizi in alcuni settori e lo spacchettamento sotto soglia di alcuni servizi, cos\u00ec come riportato da varie denunce dei gruppi di opposizione sulla stampa locale;<\/em><\/p>\n<p style=\"text-align: justify;\"><em>risulta che le assegnazioni senza evidenza pubblica di spazi comunali come ad esempio l\u2019orto urbano del quartiere Q4 siano affidate a comitati non ancora legalmente costituiti all\u2019interno dei quali operano consiglieri comunali e familiari di membri dello staff del sindaco;<\/em><\/p>\n<p style=\"text-align: justify;\"><em>le nomine opache effettuate per il consiglio di amministrazione e la presidenza\u00a0della nuova azienda speciale dei rifiuti, vedono la presenza di soggetti gi\u00e0\u00a0attenzionati dalla magistratura;<\/em><\/p>\n<p style=\"text-align: justify;\"><em>risultano diverse condotte nel settore dell\u2019urbanistica, adottate dopo l\u2019annullamento dei piani particolareggiati, nei confronti di medesime situazioni che hanno prodotto\u00a0provvedimenti divergenti che mettono il comune in situazione di rischio riguardo\u00a0a futuri risarcimenti;<\/em><\/p>\n<p style=\"text-align: justify;\"><em>risultano varie segnalazioni al Prefetto da parte dell\u2019opposizione che lamenta un\u00a0comportamento parziale da parte del presidente del Consiglio Comunale.<\/em><\/p>\n<p style=\"text-align: justify;\"><em>Per sapere:<\/em><\/p>\n<p style=\"text-align: justify;\"><em>se non intenda verificare la veridicit\u00e0 di tali premesse;<\/em><\/p>\n<p style=\"text-align: justify;\"><em>qualora risultino reali se non intenda prendere gli opportuni provvedimenti;<\/em><\/p>\n<p style=\"text-align: justify;\"><em>verificare perch\u00e9 tali prassi non siano state attenzionate dalle autorit\u00e0 competenti e se la Prefettura di Latina abbia segnalato o meno tali abusi;<\/em><\/p>\n<p style=\"text-align: justify;\"><em>qualora la Prefettura non sia ancora intervenuta, si chiede il perch\u00e9 di tale immobilismo;<\/em><\/p>\n<p>&nbsp;<\/p>\n<p>&nbsp;<\/p>\n","protected":false},"excerpt":{"rendered":"<p>LATINA- Il sindaco di Latina Damiano Coletta replica alle accuse e all&#8217;interrogazione parlamentare di Maurizio Gasparri sulla presunta mancanza di trasparenza da parte dell&#8217;amministrazione comunale di Latina. &lt;Le dichiarazioni del senatore Gasparri sono false e offensive per la citt\u00e0 &#8211; sostiene Coletta &#8211; alla luce del recente passato amministrativo. Questa \u00e8 la testimonianza, l&#8217;ennesima, del [&hellip;]<\/p>\n","protected":false},"author":60,"featured_media":190844,"comment_status":"open","ping_status":"closed","sticky":false,"template":"","format":"standard","meta":{"footnotes":""},"categories":[8],"tags":[],"class_list":["post-198665","post","type-post","status-publish","format-standard","has-post-thumbnail","hentry","category-politica"],"_links":{"self":[{"href":"https:\/\/www.radioluna.it\/news\/wp-json\/wp\/v2\/posts\/198665","targetHints":{"allow":["GET"]}}],"collection":[{"href":"https:\/\/www.radioluna.it\/news\/wp-json\/wp\/v2\/posts"}],"about":[{"href":"https:\/\/www.radioluna.it\/news\/wp-json\/wp\/v2\/types\/post"}],"author":[{"embeddable":true,"href":"https:\/\/www.radioluna.it\/news\/wp-json\/wp\/v2\/users\/60"}],"replies":[{"embeddable":true,"href":"https:\/\/www.radioluna.it\/news\/wp-json\/wp\/v2\/comments?post=198665"}],"version-history":[{"count":0,"href":"https:\/\/www.radioluna.it\/news\/wp-json\/wp\/v2\/posts\/198665\/revisions"}],"wp:featuredmedia":[{"embeddable":true,"href":"https:\/\/www.radioluna.it\/news\/wp-json\/wp\/v2\/media\/190844"}],"wp:attachment":[{"href":"https:\/\/www.radioluna.it\/news\/wp-json\/wp\/v2\/media?parent=198665"}],"wp:term":[{"taxonomy":"category","embeddable":true,"href":"https:\/\/www.radioluna.it\/news\/wp-json\/wp\/v2\/categories?post=198665"},{"taxonomy":"post_tag","embeddable":true,"href":"https:\/\/www.radioluna.it\/news\/wp-json\/wp\/v2\/tags?post=198665"}],"curies":[{"name":"wp","href":"https:\/\/api.w.org\/{rel}","templated":true}]}}