{"id":198737,"date":"2017-10-16T20:58:47","date_gmt":"2017-10-16T18:58:47","guid":{"rendered":"http:\/\/www.radioluna.it\/news\/?p=198737"},"modified":"2017-10-17T08:38:33","modified_gmt":"2017-10-17T06:38:33","slug":"incidente-tra-via-terenzio-e-via-monti-donna-in-codice-rosso","status":"publish","type":"post","link":"https:\/\/www.radioluna.it\/news\/2017\/10\/incidente-tra-via-terenzio-e-via-monti-donna-in-codice-rosso\/","title":{"rendered":"Incidente tra Via Terenzio e Via Monti, donna in codice rosso"},"content":{"rendered":"<div id=\"fb-root\"><\/div>\n<div id=\"attachment_198738\" style=\"width: 699px\" class=\"wp-caption aligncenter\"><img loading=\"lazy\" decoding=\"async\" aria-describedby=\"caption-attachment-198738\" class=\"wp-image-198738 size-thumbnail\" src=\"http:\/\/www.radioluna.it\/news\/wp-content\/uploads\/2017\/10\/incidente-2-689x459.jpg\" alt=\"\" width=\"689\" height=\"459\" srcset=\"https:\/\/www.radioluna.it\/news\/wp-content\/uploads\/2017\/10\/incidente-2-689x459.jpg 689w, https:\/\/www.radioluna.it\/news\/wp-content\/uploads\/2017\/10\/incidente-2-300x200.jpg 300w, https:\/\/www.radioluna.it\/news\/wp-content\/uploads\/2017\/10\/incidente-2-768x511.jpg 768w, https:\/\/www.radioluna.it\/news\/wp-content\/uploads\/2017\/10\/incidente-2-1024x682.jpg 1024w, https:\/\/www.radioluna.it\/news\/wp-content\/uploads\/2017\/10\/incidente-2-500x333.jpg 500w, https:\/\/www.radioluna.it\/news\/wp-content\/uploads\/2017\/10\/incidente-2-800x533.jpg 800w, https:\/\/www.radioluna.it\/news\/wp-content\/uploads\/2017\/10\/incidente-2.jpg 1280w\" sizes=\"auto, (max-width: 689px) 100vw, 689px\" \/><p id=\"caption-attachment-198738\" class=\"wp-caption-text\">foto Radio Luna<\/p><\/div>\n<p style=\"text-align: justify;\"><strong>LATINA<\/strong> &#8211; Violento schianto all&#8217;incrocio tra Via Terenzio e Via Monti due strade che attraversano lo storico caseggiato popolare. Qui poco prima delle 20,30 si sono scontrate due auto, una panda e una mercedes. L&#8217;utilitaria per la forza dell&#8217;impatto si \u00e8 ribaltata ed \u00e8 finita contro il tronco di un platano. La donna al volante dell&#8217;auto \u00e8 stata soccorsa e portata al Goretti in codice rosso. Sul posto 118, vigili del fuoco e la polizia che dovr\u00e0 ricostruire la dinamica dell&#8217;incidente.<\/p>\n","protected":false},"excerpt":{"rendered":"<p>LATINA &#8211; Violento schianto all&#8217;incrocio tra Via Terenzio e Via Monti due strade che attraversano lo storico caseggiato popolare. Qui poco prima delle 20,30 si sono scontrate due auto, una panda e una mercedes. L&#8217;utilitaria per la forza dell&#8217;impatto si \u00e8 ribaltata ed \u00e8 finita contro il tronco di un platano. La donna al volante [&hellip;]<\/p>\n","protected":false},"author":62,"featured_media":198738,"comment_status":"open","ping_status":"closed","sticky":false,"template":"","format":"standard","meta":{"footnotes":""},"categories":[7],"tags":[],"class_list":["post-198737","post","type-post","status-publish","format-standard","has-post-thumbnail","hentry","category-cronaca"],"_links":{"self":[{"href":"https:\/\/www.radioluna.it\/news\/wp-json\/wp\/v2\/posts\/198737","targetHints":{"allow":["GET"]}}],"collection":[{"href":"https:\/\/www.radioluna.it\/news\/wp-json\/wp\/v2\/posts"}],"about":[{"href":"https:\/\/www.radioluna.it\/news\/wp-json\/wp\/v2\/types\/post"}],"author":[{"embeddable":true,"href":"https:\/\/www.radioluna.it\/news\/wp-json\/wp\/v2\/users\/62"}],"replies":[{"embeddable":true,"href":"https:\/\/www.radioluna.it\/news\/wp-json\/wp\/v2\/comments?post=198737"}],"version-history":[{"count":0,"href":"https:\/\/www.radioluna.it\/news\/wp-json\/wp\/v2\/posts\/198737\/revisions"}],"wp:featuredmedia":[{"embeddable":true,"href":"https:\/\/www.radioluna.it\/news\/wp-json\/wp\/v2\/media\/198738"}],"wp:attachment":[{"href":"https:\/\/www.radioluna.it\/news\/wp-json\/wp\/v2\/media?parent=198737"}],"wp:term":[{"taxonomy":"category","embeddable":true,"href":"https:\/\/www.radioluna.it\/news\/wp-json\/wp\/v2\/categories?post=198737"},{"taxonomy":"post_tag","embeddable":true,"href":"https:\/\/www.radioluna.it\/news\/wp-json\/wp\/v2\/tags?post=198737"}],"curies":[{"name":"wp","href":"https:\/\/api.w.org\/{rel}","templated":true}]}}