{"id":198740,"date":"2017-10-16T22:21:17","date_gmt":"2017-10-16T20:21:17","guid":{"rendered":"http:\/\/www.radioluna.it\/news\/?p=198740"},"modified":"2017-12-15T09:27:44","modified_gmt":"2017-12-15T08:27:44","slug":"latina-ladro-ucciso-in-via-palermo-accusa-di-omicidio-volontario","status":"publish","type":"post","link":"https:\/\/www.radioluna.it\/news\/2017\/10\/latina-ladro-ucciso-in-via-palermo-accusa-di-omicidio-volontario\/","title":{"rendered":"Latina, spari in via Palermo: l&#8217;accusa ora \u00e8 di omicidio volontario"},"content":{"rendered":"<div id=\"fb-root\"><\/div>\n<p><img loading=\"lazy\" decoding=\"async\" class=\"aligncenter wp-image-198706 size-thumbnail\" src=\"http:\/\/www.radioluna.it\/news\/wp-content\/uploads\/2017\/10\/ac507392-e634-4a20-bdbc-1eb35092745c-689x459.jpg\" alt=\"\" width=\"689\" height=\"459\" \/><\/p>\n<p style=\"text-align: justify;\"><strong>LATINA\u00a0<\/strong>&#8211;\u00a0 L&#8217;accusa contestata \u00e8 quella di omicidio volontario. Francesco Palumbo, l&#8217;avvocato che domenica pomeriggio ha sparato a un ladro che era andato nell&#8217;abitazione dei genitori in via Palermo a Latina insieme a due complici, resta indagato a piede libero. Gli agenti della Squadra Mobile sono tornati sulla scena del crimine per un ulteriore sopralluogo dove \u00e8 stato trovato il corpo di Domenico Bardi, 41 anni, originario di Napoli, ucciso da due colpi di arma da fuoco e della pistola calibro 9 regolarmente detenuta dal professionista pontino. Gli investigatori hanno eseguito accertamenti anche scientifici sulla scala a pioli utilizzata per salire al primo piano dell&#8217;abitazione dai ladri\u00a0 e hanno sequestrato tutta l&#8217;area del\u00a0 giardino dove \u00e8 stato ritrovato il cadavere.<\/p>\n<p style=\"text-align: justify;\">Francesco Palumbo domenica sera \u00e8 stato portato in Questura ed \u00e8 stato ascoltato per oltre tre ore dagli investigatori e ha ricostruito la sua versione dei fatti. A dare l&#8217;allarme alla polizia sono stati alcuni residenti della zona che hanno sentito dei colpi di arma da fuoco provenire dal giardino di via Palermo. Il legale di Palumbo, l&#8217;avvocato Leone Zeppieri ha ricostruito i fatti e ha sostenuto che il suo assistito era molto agitato.\u00a0 &lt;Neanche lui si \u00e8 accorto si aver colpito un uomo e si \u00e8 ritrovato in una condizione in cui ha percepito una grave situazione di pericolo, ha sparato dei colpi in aria e quando \u00e8 arrivato a casa, i due soggetti che gli sono venuti incontro avevano un fare minaccioso, ha sparato per spaventare e neanche il mio assistito si \u00e8 accorto di quello che \u00e8 accaduto&gt;. Nella giornata di mercoled\u00ec sar\u00e0 eseguita l&#8217;autopsia.<\/p>\n","protected":false},"excerpt":{"rendered":"<p>LATINA\u00a0&#8211;\u00a0 L&#8217;accusa contestata \u00e8 quella di omicidio volontario. Francesco Palumbo, l&#8217;avvocato che domenica pomeriggio ha sparato a un ladro che era andato nell&#8217;abitazione dei genitori in via Palermo a Latina insieme a due complici, resta indagato a piede libero. Gli agenti della Squadra Mobile sono tornati sulla scena del crimine per un ulteriore sopralluogo dove [&hellip;]<\/p>\n","protected":false},"author":60,"featured_media":0,"comment_status":"open","ping_status":"closed","sticky":false,"template":"","format":"standard","meta":{"footnotes":""},"categories":[7],"tags":[],"class_list":["post-198740","post","type-post","status-publish","format-standard","hentry","category-cronaca"],"_links":{"self":[{"href":"https:\/\/www.radioluna.it\/news\/wp-json\/wp\/v2\/posts\/198740","targetHints":{"allow":["GET"]}}],"collection":[{"href":"https:\/\/www.radioluna.it\/news\/wp-json\/wp\/v2\/posts"}],"about":[{"href":"https:\/\/www.radioluna.it\/news\/wp-json\/wp\/v2\/types\/post"}],"author":[{"embeddable":true,"href":"https:\/\/www.radioluna.it\/news\/wp-json\/wp\/v2\/users\/60"}],"replies":[{"embeddable":true,"href":"https:\/\/www.radioluna.it\/news\/wp-json\/wp\/v2\/comments?post=198740"}],"version-history":[{"count":0,"href":"https:\/\/www.radioluna.it\/news\/wp-json\/wp\/v2\/posts\/198740\/revisions"}],"wp:attachment":[{"href":"https:\/\/www.radioluna.it\/news\/wp-json\/wp\/v2\/media?parent=198740"}],"wp:term":[{"taxonomy":"category","embeddable":true,"href":"https:\/\/www.radioluna.it\/news\/wp-json\/wp\/v2\/categories?post=198740"},{"taxonomy":"post_tag","embeddable":true,"href":"https:\/\/www.radioluna.it\/news\/wp-json\/wp\/v2\/tags?post=198740"}],"curies":[{"name":"wp","href":"https:\/\/api.w.org\/{rel}","templated":true}]}}