{"id":198770,"date":"2017-11-06T07:05:29","date_gmt":"2017-11-06T06:05:29","guid":{"rendered":"http:\/\/www.radioluna.it\/news\/?p=198770"},"modified":"2017-11-06T09:07:38","modified_gmt":"2017-11-06T08:07:38","slug":"sublimes-latina-ricorda-giancarlo-bovina-per-tramandarne-pensiero-e-opera","status":"publish","type":"post","link":"https:\/\/www.radioluna.it\/news\/2017\/11\/sublimes-latina-ricorda-giancarlo-bovina-per-tramandarne-pensiero-e-opera\/","title":{"rendered":"Sublimes, Latina ricorda Giancarlo Bovina per tramandarne pensiero e opera"},"content":{"rendered":"<div id=\"fb-root\"><\/div>\n<p style=\"text-align: justify;\"><strong><img loading=\"lazy\" decoding=\"async\" class=\"aligncenter size-thumbnail wp-image-198771\" src=\"http:\/\/www.radioluna.it\/news\/wp-content\/uploads\/2017\/10\/sublimes-689x729.jpg\" alt=\"\" width=\"689\" height=\"729\" srcset=\"https:\/\/www.radioluna.it\/news\/wp-content\/uploads\/2017\/10\/sublimes-689x729.jpg 689w, https:\/\/www.radioluna.it\/news\/wp-content\/uploads\/2017\/10\/sublimes-283x300.jpg 283w, https:\/\/www.radioluna.it\/news\/wp-content\/uploads\/2017\/10\/sublimes-768x813.jpg 768w, https:\/\/www.radioluna.it\/news\/wp-content\/uploads\/2017\/10\/sublimes-500x529.jpg 500w, https:\/\/www.radioluna.it\/news\/wp-content\/uploads\/2017\/10\/sublimes.jpg 784w\" sizes=\"auto, (max-width: 689px) 100vw, 689px\" \/>LATINA<\/strong> &#8211; Si chiama Sublimes Live il concerto in programma mercoled\u00ec 25 ottobre al circolo cittadino di Latina (alle 19) che aprir\u00e0 un programma di eventi in dedicati al geologo Giancarlo Bovina scomparso a primavera mentre compiva un&#8217;escursione nella Tuscia. L&#8217;eredit\u00e0 spirituale e professionale di Bovina per chi crede nella grande bellezza del territorio pontino, \u00e8 un valore da coltivare e tramandare. &#8220;SubLimes \u00e8 l\u2019esperienza della scoperta di ci\u00f2 che \u00e8 poco lontano dal percorso tracciato, sul limite del conosciuto, con il desiderio che anima l\u2019esplorazione dell\u2019inconsueto&#8221;, scriveva Bovina per spiegare il nome dato al suo blog, lo stesso scelto oggi per la serie di eventi che lo vuole ricordare.<\/p>\n<p style=\"text-align: justify;\">Si comincia come detto con un appuntamento musicale: saliranno il Duo M\u00e8tro (Cristiano Lui e Stefano Ciotola), i Folk Road, i LatinAr (Patrizia Pastore e Marco Malagola),\u00a0Toni Montecalvo &amp; The dream catchers (Folk\/Rock\/Country\/Blues )<\/p>\n<p style=\"text-align: justify;\">Pochi giorni pi\u00f9 tardi, invece, il 28 ottobre sar\u00e0 inaugurata la mostra &#8220;Sublimes: esplorazioni di Giancarlo Bovina&#8221; presso la sede ex Step della camera di Commercio in Via Diaz, che rester\u00e0 aperta fino al 12 novembre. &#8220;La mostra &#8211; spiegano gli organizzatori della manifestazione &#8211; si pone come obiettivo quello di condividere il lavoro di studio con la realt\u00e0 del territorio dove il pensiero e il lavoro di Giancarlo Bovina \u00e8 nato e si \u00e8 sviluppato. Un progetto voluto e sostenuto oltre che da Italia Nostra, sezione di Latina, dalla famiglia, dagli amici e da quelle tante persone che lo hanno accompagnato e seguito in quel percorso iniziato molti anni fa e di cui oggi la pi\u00f9 grande testimonianza \u00e8 nelle pagine di sublimes.it da cui la mostra stessa ha tratto ispirazione&#8221;.<\/p>\n<p style=\"text-align: justify;\">Contemporaneamente, associazioni ed enti con i quali Bovina ha collaborato, promuoveranno una serie di iniziative:<\/p>\n<p style=\"text-align: justify;\">il 3 novembre, Il Gigante Buono (ilgigantebuono.lt@gmail.c om) terr\u00e0 una Lettura dedicata nel Giardino della Vita di Via Tuscolo a Latina;<br \/>\nil 5 novembre\u00a0 Legambiente Circolo Arcobaleno Pontino a Fogliano presenta Rewetland con Giancarlo dedicato ad uno dei progetti curati dal geologi ambinetale;<br \/>\nil 7 novembre (la mattina per le scuole e il pomeriggio per il pubblico) la coop il Sentiero esporr\u00e0 insieme a Patrizia Santangeli il progetto Sermoneta world;<\/p>\n<p style=\"text-align: justify;\">E ancora, il 10 novembre (mattina) La Fondazione Caetani intitoler\u00e0 la sala conferenze di Pantanello a Giancarlo. Nell&#8217;occasione sar\u00e0 messo a dimora un leccio donato dalla famiglia.<br \/>\nL&#8217;11 novembre il\u00a0 Parco Regionale dei Monti Ausoni e del Lago di Fondi con il Parco dell\u2019Appia Antica faranno a Fondi una giornata di studio dedicata a Giancarlo Bovina dal titolo\u00a0&#8220;L&#8217; impiego di tecniche di ingegneria naturalistica nella prevenzione dei rischi e nella valorizzazione delle risorse naturali &#8211; Applicazioni nelle aree protette&#8221;. Il 12 novembre la giornalista Emanuela Gasbarroni curer\u00e0\u00a0&#8220;A est del tramonto e a ovest dell\u2019alba&#8221; (da Sublimes.it), un incontro tra persone che hanno conosciuto G.Bovina e hanno con lui esplorato i luoghi in una nuova visione ed esperienza.<\/p>\n<div class=\"radio-posizionamento-telefono-in-articoli-dopo-il-contenuto-articolo radio-entity-placement\" id=\"radio-3398858059\"><div id=\"radio-3802107449\" style=\"width: 300px;height: 250px;\"><a href=\"https:\/\/www.icarspa.it\/auto\/usate\/latina\/\" aria-label=\"banner aprile icar new life &#8211; auto usate latina\"><img loading=\"lazy\" decoding=\"async\" src=\"https:\/\/www.radioluna.it\/news\/wp-content\/uploads\/2026\/02\/banner-aprile-icar-new-life-auto-usate-latina.gif\" alt=\"\"  width=\"300\" height=\"250\"   \/><\/a><\/div><\/div>","protected":false},"excerpt":{"rendered":"<p>LATINA &#8211; Si chiama Sublimes Live il concerto in programma mercoled\u00ec 25 ottobre al circolo cittadino di Latina (alle 19) che aprir\u00e0 un programma di eventi in dedicati al geologo Giancarlo Bovina scomparso a primavera mentre compiva un&#8217;escursione nella Tuscia. L&#8217;eredit\u00e0 spirituale e professionale di Bovina per chi crede nella grande bellezza del territorio pontino, [&hellip;]<\/p>\n","protected":false},"author":62,"featured_media":198771,"comment_status":"open","ping_status":"closed","sticky":false,"template":"","format":"standard","meta":{"footnotes":""},"categories":[16],"tags":[],"class_list":["post-198770","post","type-post","status-publish","format-standard","has-post-thumbnail","hentry","category-appuntamenti"],"_links":{"self":[{"href":"https:\/\/www.radioluna.it\/news\/wp-json\/wp\/v2\/posts\/198770","targetHints":{"allow":["GET"]}}],"collection":[{"href":"https:\/\/www.radioluna.it\/news\/wp-json\/wp\/v2\/posts"}],"about":[{"href":"https:\/\/www.radioluna.it\/news\/wp-json\/wp\/v2\/types\/post"}],"author":[{"embeddable":true,"href":"https:\/\/www.radioluna.it\/news\/wp-json\/wp\/v2\/users\/62"}],"replies":[{"embeddable":true,"href":"https:\/\/www.radioluna.it\/news\/wp-json\/wp\/v2\/comments?post=198770"}],"version-history":[{"count":0,"href":"https:\/\/www.radioluna.it\/news\/wp-json\/wp\/v2\/posts\/198770\/revisions"}],"wp:featuredmedia":[{"embeddable":true,"href":"https:\/\/www.radioluna.it\/news\/wp-json\/wp\/v2\/media\/198771"}],"wp:attachment":[{"href":"https:\/\/www.radioluna.it\/news\/wp-json\/wp\/v2\/media?parent=198770"}],"wp:term":[{"taxonomy":"category","embeddable":true,"href":"https:\/\/www.radioluna.it\/news\/wp-json\/wp\/v2\/categories?post=198770"},{"taxonomy":"post_tag","embeddable":true,"href":"https:\/\/www.radioluna.it\/news\/wp-json\/wp\/v2\/tags?post=198770"}],"curies":[{"name":"wp","href":"https:\/\/api.w.org\/{rel}","templated":true}]}}