{"id":198841,"date":"2017-10-19T10:12:28","date_gmt":"2017-10-19T08:12:28","guid":{"rendered":"http:\/\/www.radioluna.it\/news\/?p=198841"},"modified":"2017-10-19T10:12:28","modified_gmt":"2017-10-19T08:12:28","slug":"il-fondi-music-festival-con-il-duo-cardinale-e-magnasco","status":"publish","type":"post","link":"https:\/\/www.radioluna.it\/news\/2017\/10\/il-fondi-music-festival-con-il-duo-cardinale-e-magnasco\/","title":{"rendered":"Il Fondi Music Festival con il duo Cardinale e Magnasco"},"content":{"rendered":"<div id=\"fb-root\"><\/div>\n<p style=\"text-align: justify;\"><strong><a href=\"http:\/\/www.radioluna.it\/news\/wp-content\/uploads\/2017\/10\/Foto-Cardinale-Magnasco-2.jpg\"><img loading=\"lazy\" decoding=\"async\" class=\"aligncenter size-full wp-image-198842\" src=\"http:\/\/www.radioluna.it\/news\/wp-content\/uploads\/2017\/10\/Foto-Cardinale-Magnasco-2.jpg\" alt=\"\" width=\"562\" height=\"978\" \/><\/a>FONDI<\/strong> &#8211; Saranno il violino e il pianoforte i grandi protagonisti del prossimo appuntamento con il \u201cFondi Music Festival\u201d in programma domenica 22 ottobre a Palazzo Caetani a partire dalle 18:30. I brani di Dvorak, Paganini e Rachmaninov riecheggeranno nel palazzo quattrocentesco grazie al duo composto da Andrea Cardinale (violino) e Alessandro Magnasco (pianoforte). Si tratta di un\u2019unione particolarmente apprezzata dagli amanti della musica classica da oltre 15 anni come dimostra il successo riscosso in oltre novecento concerti tenuti in tutto il mondo da questa straordinaria coppia artistica. \u201cViolino virtuoso \u2013 da Paganini al Novecento\u201d, come \u00e8 stato denominato il concerto, \u00e8 stato infatti gi\u00e0 applaudito in moltissimi teatri e location storiche del pianeta. Gli artisti hanno inoltre avuto modo di esibirsi nel corso degli anni in un ampio repertorio di musiche composte dal Settecento al Novecento in Urugay come in Giappone, in Francia come in Portogallo, ma anche in Russia, negli Stati Uniti, in Macedonia, in Repubblica Ceca, in Austria e in moltissime altre nazioni dove la classicit\u00e0 \u00e8 particolarmente apprezzata.<\/p>\n<p style=\"text-align: justify;\">Il Fondi Music Festival, rassegna ormai giusta alla sua VI edizione, \u00e8 una manifestazione organizzata dall&#8217;Associazione Fondi Turismo in collaborazione con il Comune di Fondi, il Parco Naturale Regionale dei Monti Ausoni e Lago di Fondi, la Banca Popolare di Fondi, Charlie Eventi e l&#8217;Associazione musicale &#8220;Ferruccio Busoni&#8221;. Lo scopo della rassegna \u00e8 quella di valorizzare i siti storici fondani con importanti concerti di musica classica. Moltissimi gli artisti famosi che, nel corso delle precedenti cinque edizioni, si sono esibiti nei luoghi pi\u00f9 preziosi della citt\u00e0.<\/p>\n<p>Per info e prenotazioni: fondimusicfestival@gmail.com<\/p>\n<p>&nbsp;<\/p>\n<p>Ingresso 5 euro fino ad esaurimento posti a sedere.<\/p>\n","protected":false},"excerpt":{"rendered":"<p>FONDI &#8211; Saranno il violino e il pianoforte i grandi protagonisti del prossimo appuntamento con il \u201cFondi Music Festival\u201d in programma domenica 22 ottobre a Palazzo Caetani a partire dalle 18:30. I brani di Dvorak, Paganini e Rachmaninov riecheggeranno nel palazzo quattrocentesco grazie al duo composto da Andrea Cardinale (violino) e Alessandro Magnasco (pianoforte). Si [&hellip;]<\/p>\n","protected":false},"author":60,"featured_media":0,"comment_status":"open","ping_status":"closed","sticky":false,"template":"","format":"standard","meta":{"footnotes":""},"categories":[16],"tags":[],"class_list":["post-198841","post","type-post","status-publish","format-standard","hentry","category-appuntamenti"],"_links":{"self":[{"href":"https:\/\/www.radioluna.it\/news\/wp-json\/wp\/v2\/posts\/198841","targetHints":{"allow":["GET"]}}],"collection":[{"href":"https:\/\/www.radioluna.it\/news\/wp-json\/wp\/v2\/posts"}],"about":[{"href":"https:\/\/www.radioluna.it\/news\/wp-json\/wp\/v2\/types\/post"}],"author":[{"embeddable":true,"href":"https:\/\/www.radioluna.it\/news\/wp-json\/wp\/v2\/users\/60"}],"replies":[{"embeddable":true,"href":"https:\/\/www.radioluna.it\/news\/wp-json\/wp\/v2\/comments?post=198841"}],"version-history":[{"count":0,"href":"https:\/\/www.radioluna.it\/news\/wp-json\/wp\/v2\/posts\/198841\/revisions"}],"wp:attachment":[{"href":"https:\/\/www.radioluna.it\/news\/wp-json\/wp\/v2\/media?parent=198841"}],"wp:term":[{"taxonomy":"category","embeddable":true,"href":"https:\/\/www.radioluna.it\/news\/wp-json\/wp\/v2\/categories?post=198841"},{"taxonomy":"post_tag","embeddable":true,"href":"https:\/\/www.radioluna.it\/news\/wp-json\/wp\/v2\/tags?post=198841"}],"curies":[{"name":"wp","href":"https:\/\/api.w.org\/{rel}","templated":true}]}}