{"id":198849,"date":"2017-10-19T13:38:43","date_gmt":"2017-10-19T11:38:43","guid":{"rendered":"http:\/\/www.radioluna.it\/news\/?p=198849"},"modified":"2017-10-21T06:45:14","modified_gmt":"2017-10-21T04:45:14","slug":"libero-carmine-sciaudone-il-videomaker-di-latina-rilasciato-dalle-autorita-indonesiane","status":"publish","type":"post","link":"https:\/\/www.radioluna.it\/news\/2017\/10\/libero-carmine-sciaudone-il-videomaker-di-latina-rilasciato-dalle-autorita-indonesiane\/","title":{"rendered":"Libero Carmine Sciaudone, il videomaker di Latina rilasciato dalle autorit\u00e0 Indonesiane"},"content":{"rendered":"<div id=\"fb-root\"><\/div>\n<p style=\"text-align: justify;\"><img loading=\"lazy\" decoding=\"async\" class=\"size-full wp-image-198850 alignleft\" src=\"http:\/\/www.radioluna.it\/news\/wp-content\/uploads\/2017\/10\/carmine.jpg\" alt=\"\" width=\"206\" height=\"206\" srcset=\"https:\/\/www.radioluna.it\/news\/wp-content\/uploads\/2017\/10\/carmine.jpg 206w, https:\/\/www.radioluna.it\/news\/wp-content\/uploads\/2017\/10\/carmine-150x150.jpg 150w, https:\/\/www.radioluna.it\/news\/wp-content\/uploads\/2017\/10\/carmine-50x50.jpg 50w\" sizes=\"auto, (max-width: 206px) 100vw, 206px\" \/><strong>LATINA<\/strong> &#8211; E&#8217; salito su un volo diretto in Italia Carmine Sciaudone il 37enne di Latina rimasto in un carcere a Bali per oltre un anno nonostante l&#8217;assoluzione dall&#8217;accusa immigrazione clandestina mossa contro di lui perch\u00e9 trovato a montare un videoproiettore ad una festa alla quale era stato invitato a bordo di un&#8217;imbarcazione.<\/p>\n<p style=\"text-align: justify;\">La notizia della liberazione \u00e8 stata ufficializzata dal Ministro Angelino Alfano: &#8221; Carmine Sciaudone, nostro connazionale detenuto a Bali da oltre un anno, \u00e8 libero e sta facendo rientro in queste ore in Italia\u201d. Cos\u00ec il titolare degli Esteri che si era interessato ad una situazione divenuta con il tempo sempre pi\u00f9 preoccupante. Il pap\u00e0 di Carmine aveva lanciato <a href=\"https:\/\/www.radioluna.it\/news\/2017\/03\/aiutatemi-a-liberare-mio-figlio-carmine-sciaudone-appello-del-padre-del-34enne-pontino-detenuto-a-bali\/\">molti appelli<\/a> temendo per le condizioni di salute del figlio, erano intervenute istituzioni e autorit\u00e0, ma fino a poco tempo fa nulla. Ora la svolta.<\/p>\n<div id=\"attachment_193906\" style=\"width: 310px\" class=\"wp-caption alignleft\"><img loading=\"lazy\" decoding=\"async\" aria-describedby=\"caption-attachment-193906\" class=\"wp-image-193906 size-medium\" src=\"http:\/\/www.radioluna.it\/news\/wp-content\/uploads\/2017\/05\/carmine-1-300x248.jpg\" alt=\"\" width=\"300\" height=\"248\" srcset=\"https:\/\/www.radioluna.it\/news\/wp-content\/uploads\/2017\/05\/carmine-1-300x248.jpg 300w, https:\/\/www.radioluna.it\/news\/wp-content\/uploads\/2017\/05\/carmine-1.jpg 515w\" sizes=\"auto, (max-width: 300px) 100vw, 300px\" \/><p id=\"caption-attachment-193906\" class=\"wp-caption-text\">In carcere Carmine era apparso molto provato come testimonia questa fotografia che lui stesso aveva inviato al padre<\/p><\/div>\n<p style=\"text-align: justify;\">Ho seguito passo dopo passo, sin dall\u2019inizio la situazione ha detto il Ministro che si \u00e8 complimentato con il gruppo di lavoro della Farnesina per il risultato raggiunto.<\/p>\n<p style=\"text-align: justify;\">&#8220;Con grande gioia e soddisfazione abbiamo appreso della liberazione e del ritorno in patria del nostro concittadino. Abbiamo seguito questa vicenda, ci siamo attivati presso le autorit\u00e0 nazionali competenti, oggi siamo felici di avere dato il nostro piccolo contributo e che Carmine possa finalmente riabbracciare i suoi cari e suo padre che tanto si \u00e8 speso per questa causa&#8221;, ha commentato la notizia il Sindaco di Latina Damiano Coletta che si era\u00a0personalmente interessato della storia di Carmine ricevendo il padre in Comune e scrivendo, a maggio scorso, al Presidente del Consiglio e al Ministro degli Esteri per metterli a conoscenza del caso, delle condizioni di salute precarie del detenuto e sollecitandone un intervento. Oggi la scarcerazione e il rientro in Italia. \u00abRingrazio chi ha partecipato all\u2019esito positivo della vicenda \u2013 afferma il Sindaco \u2013 Mi auguro di poter ricevere presto Carmine in Comune per dargli il bentornato a casa\u00bb.<\/p>\n<p>&nbsp;<\/p>\n<p>&nbsp;<\/p>\n<p>&nbsp;<\/p>\n<p>&nbsp;<\/p>\n","protected":false},"excerpt":{"rendered":"<p>LATINA &#8211; E&#8217; salito su un volo diretto in Italia Carmine Sciaudone il 37enne di Latina rimasto in un carcere a Bali per oltre un anno nonostante l&#8217;assoluzione dall&#8217;accusa immigrazione clandestina mossa contro di lui perch\u00e9 trovato a montare un videoproiettore ad una festa alla quale era stato invitato a bordo di un&#8217;imbarcazione. La notizia [&hellip;]<\/p>\n","protected":false},"author":62,"featured_media":198852,"comment_status":"open","ping_status":"closed","sticky":false,"template":"","format":"standard","meta":{"footnotes":""},"categories":[7],"tags":[],"class_list":["post-198849","post","type-post","status-publish","format-standard","has-post-thumbnail","hentry","category-cronaca"],"_links":{"self":[{"href":"https:\/\/www.radioluna.it\/news\/wp-json\/wp\/v2\/posts\/198849","targetHints":{"allow":["GET"]}}],"collection":[{"href":"https:\/\/www.radioluna.it\/news\/wp-json\/wp\/v2\/posts"}],"about":[{"href":"https:\/\/www.radioluna.it\/news\/wp-json\/wp\/v2\/types\/post"}],"author":[{"embeddable":true,"href":"https:\/\/www.radioluna.it\/news\/wp-json\/wp\/v2\/users\/62"}],"replies":[{"embeddable":true,"href":"https:\/\/www.radioluna.it\/news\/wp-json\/wp\/v2\/comments?post=198849"}],"version-history":[{"count":0,"href":"https:\/\/www.radioluna.it\/news\/wp-json\/wp\/v2\/posts\/198849\/revisions"}],"wp:featuredmedia":[{"embeddable":true,"href":"https:\/\/www.radioluna.it\/news\/wp-json\/wp\/v2\/media\/198852"}],"wp:attachment":[{"href":"https:\/\/www.radioluna.it\/news\/wp-json\/wp\/v2\/media?parent=198849"}],"wp:term":[{"taxonomy":"category","embeddable":true,"href":"https:\/\/www.radioluna.it\/news\/wp-json\/wp\/v2\/categories?post=198849"},{"taxonomy":"post_tag","embeddable":true,"href":"https:\/\/www.radioluna.it\/news\/wp-json\/wp\/v2\/tags?post=198849"}],"curies":[{"name":"wp","href":"https:\/\/api.w.org\/{rel}","templated":true}]}}