{"id":198854,"date":"2017-10-19T18:19:25","date_gmt":"2017-10-19T16:19:25","guid":{"rendered":"http:\/\/www.radioluna.it\/news\/?p=198854"},"modified":"2017-10-21T08:35:55","modified_gmt":"2017-10-21T06:35:55","slug":"le-risorse-idriche-nelle-attivita-produttive","status":"publish","type":"post","link":"https:\/\/www.radioluna.it\/news\/2017\/10\/le-risorse-idriche-nelle-attivita-produttive\/","title":{"rendered":"Le risorse idriche nelle attivit\u00e0 produttive"},"content":{"rendered":"<div id=\"fb-root\"><\/div>\n<p style=\"text-align: justify;\"><img loading=\"lazy\" decoding=\"async\" class=\"aligncenter size-thumbnail wp-image-198855\" src=\"http:\/\/www.radioluna.it\/news\/wp-content\/uploads\/2017\/10\/le-ridsorse-idriche-689x646.jpg\" alt=\"\" width=\"689\" height=\"646\" srcset=\"https:\/\/www.radioluna.it\/news\/wp-content\/uploads\/2017\/10\/le-ridsorse-idriche-689x646.jpg 689w, https:\/\/www.radioluna.it\/news\/wp-content\/uploads\/2017\/10\/le-ridsorse-idriche-300x281.jpg 300w, https:\/\/www.radioluna.it\/news\/wp-content\/uploads\/2017\/10\/le-ridsorse-idriche-500x469.jpg 500w, https:\/\/www.radioluna.it\/news\/wp-content\/uploads\/2017\/10\/le-ridsorse-idriche.jpg 750w\" sizes=\"auto, (max-width: 689px) 100vw, 689px\" \/><strong>LATINA<\/strong> &#8211;\u00a0Le risorse idriche nelle attivit\u00e0 produttive \u00e8 il tema cui si confronteranno professionisti, imprenditori e operatori del settore venerd\u00ec 20 ottobre prossimo, alle ore 16 presso l\u2019 Hotel Europa di Latina. \u201cEssenziale \u00e8 una comunicazione sull\u2019uso consapevole e responsabile dell\u2019acqua e della sua preservazione, come fonte sostenibile di vita e come rinnovabile risorsa che pu\u00f2, se bene utilizzato, continuare ad essere \u201cfonte di vita\u201d, partendo dalla dimensione locale e territoriale\u201d, riassume il direttore di Confartigianato Ivan Simeone. L&#8217;associazione di categoria ha organizzato l&#8217;appuntamento con il patrocinio della Facolt\u00e0 di ingegneria dell\u2019Universit\u00e0 Sapienza, Polo di Latina e la collaborazione dell\u2019Ordine degli Ingegneri e della Camera di commercio.\u00a0\u201cL\u2019acqua \u00e8 preziosissima da salvaguardare e da utilizzare con razionalit\u00e0 ed efficienza; questo sta a significare che corre l\u2019obbligo morale di Tutti nel profondere il massimo impegno e ogni sforzo perch\u00e9 l\u2019acqua non sia sprecata e inquinata\u201d, aggiunge il Presidente di Confartigianato, Giuseppe Michelini.<\/p>\n<p style=\"text-align: justify;\">\u201cIl &#8220;Progetto acqua&#8221; &#8211; ha detto la curatrice Marina Gargiulo di Confartigianato &#8211; si inquadra nell\u2019ambito delle iniziative a favore della sostenibilit\u00e0 ambientale, prevede la valorizzazione e attenzione dell\u2019uso delle risorse idriche nelle attivit\u00e0 d\u2019impresa della nostra provincia. Uno degli obiettivi, continua Marina Gargiulo, \u00e8 quello di sensibilizzare e diffondere la salvaguardia delle risorse idriche ed il loro corretto utilizzo sul nostro territorio\u201d.<\/p>\n<p>IL PROGRAMMA &#8211;\u00a0 L\u2019incontro sar\u00e0 aperto dai\u00a0 saluti del prof. Giuseppe Bonifazi, delegato del Rettore della Sapienza, del commissario della CCIAA Mauro Zapia e di Gioacchino Quattrola di Confartigianato Impianti Latina.<br \/>\nSono previste relazioni dei docenti della facolt\u00e0 di Ingeneria Corsini, Cioffi e De Gerolamo e gli interventi del Presidente di Unindustria Giorgio Klinger, del Presidente di Confcommercio Lazio Sud Giovanni Acampora, di\u00a0 Pasqualino Grossi Energy Manager di Acqua Latina Spa, di Giovanni Andrea Pol Presidente dell\u2019Ordine degli Ingegneri di Latina e di Giovanni Brunetti della Nobel srl.<br \/>\nNell\u2019ambito dell\u2019incontro Fabio Potenza presenter\u00e0 lo Sportello Ambiente di Confartigianato Latina.<br \/>\nI lavori saranno coordinati dal direttore della Confartigianato Ivan Simeone e verranno conclusi dal Presidente provinciale Giuseppe Michelini anche nella veste di titolare della Start Up innovativa \u201cNeptune\u201d.<\/p>\n<p style=\"text-align: justify;\">Per gli ingegneri sono previsti crediti formativi.<\/p>\n","protected":false},"excerpt":{"rendered":"<p>LATINA &#8211;\u00a0Le risorse idriche nelle attivit\u00e0 produttive \u00e8 il tema cui si confronteranno professionisti, imprenditori e operatori del settore venerd\u00ec 20 ottobre prossimo, alle ore 16 presso l\u2019 Hotel Europa di Latina. \u201cEssenziale \u00e8 una comunicazione sull\u2019uso consapevole e responsabile dell\u2019acqua e della sua preservazione, come fonte sostenibile di vita e come rinnovabile risorsa che [&hellip;]<\/p>\n","protected":false},"author":60,"featured_media":198855,"comment_status":"open","ping_status":"closed","sticky":false,"template":"","format":"standard","meta":{"footnotes":""},"categories":[16],"tags":[],"class_list":["post-198854","post","type-post","status-publish","format-standard","has-post-thumbnail","hentry","category-appuntamenti"],"_links":{"self":[{"href":"https:\/\/www.radioluna.it\/news\/wp-json\/wp\/v2\/posts\/198854","targetHints":{"allow":["GET"]}}],"collection":[{"href":"https:\/\/www.radioluna.it\/news\/wp-json\/wp\/v2\/posts"}],"about":[{"href":"https:\/\/www.radioluna.it\/news\/wp-json\/wp\/v2\/types\/post"}],"author":[{"embeddable":true,"href":"https:\/\/www.radioluna.it\/news\/wp-json\/wp\/v2\/users\/60"}],"replies":[{"embeddable":true,"href":"https:\/\/www.radioluna.it\/news\/wp-json\/wp\/v2\/comments?post=198854"}],"version-history":[{"count":0,"href":"https:\/\/www.radioluna.it\/news\/wp-json\/wp\/v2\/posts\/198854\/revisions"}],"wp:featuredmedia":[{"embeddable":true,"href":"https:\/\/www.radioluna.it\/news\/wp-json\/wp\/v2\/media\/198855"}],"wp:attachment":[{"href":"https:\/\/www.radioluna.it\/news\/wp-json\/wp\/v2\/media?parent=198854"}],"wp:term":[{"taxonomy":"category","embeddable":true,"href":"https:\/\/www.radioluna.it\/news\/wp-json\/wp\/v2\/categories?post=198854"},{"taxonomy":"post_tag","embeddable":true,"href":"https:\/\/www.radioluna.it\/news\/wp-json\/wp\/v2\/tags?post=198854"}],"curies":[{"name":"wp","href":"https:\/\/api.w.org\/{rel}","templated":true}]}}