{"id":198891,"date":"2017-10-20T12:53:01","date_gmt":"2017-10-20T10:53:01","guid":{"rendered":"http:\/\/www.radioluna.it\/news\/?p=198891"},"modified":"2017-10-20T12:53:01","modified_gmt":"2017-10-20T10:53:01","slug":"coletta-al-festival-della-pubblica-utilita-sinibaldi-sindaco-non-la-invidiamo-latina-e-una-citta-difficile","status":"publish","type":"post","link":"https:\/\/www.radioluna.it\/news\/2017\/10\/coletta-al-festival-della-pubblica-utilita-sinibaldi-sindaco-non-la-invidiamo-latina-e-una-citta-difficile\/","title":{"rendered":"Coletta al Festival della Pubblica utilit\u00e0. Sinibaldi: &#8220;Sindaco non la invidiamo, Latina \u00e8 una citt\u00e0 difficile&#8221;"},"content":{"rendered":"<div id=\"fb-root\"><\/div>\n<p><iframe loading=\"lazy\" title=\"Luna Notizie  - Il sindaco di Latina Coletta al Festival della Pubblica Utilit\u00e0\" width=\"740\" height=\"416\" src=\"https:\/\/www.youtube.com\/embed\/Ekr9tJNWlIw?feature=oembed\" frameborder=\"0\" allow=\"accelerometer; autoplay; clipboard-write; encrypted-media; gyroscope; picture-in-picture; web-share\" referrerpolicy=\"strict-origin-when-cross-origin\" allowfullscreen><\/iframe><\/p>\n<p style=\"text-align: justify;\"><strong>LATINA<\/strong>\u00a0 &#8211; &#8220;Vogliamo far capire a chi vive a Latina che la citt\u00e0 non \u00e8 roba d&#8217;altri, ma \u00e8 nostra, \u00e8 del cittadino,\u00a0 e la capacit\u00e0 di partecipare fa la differenza,\u00a0 perch\u00e9 si esce dal rapporto pubblico-privato e si entra in un concetto diverso che \u00e8 quello della cittadinanza attiva dove il controllo \u00e8 binario&#8221;. E&#8217; uno dei passaggi del racconto dell&#8217;esperienza del capoluogo pontino, fatto dal sindaco di Latina bene Comune, Damiano Coletta, ospite questa mattina del primo Festival della Pubblica Utilit\u00e0 promosso dalla Fondazione Symbola e in corso a Imola,\u00a0 inserito nella tavola rotonda su &#8220;L&#8217;italia che innova&#8221;.<\/p>\n<p style=\"text-align: justify;\">&#8220;Non la invidiamo sindaco. A parte il bel fisico e il bel nome della sua lista, Latina ha problemi di sicurezza, \u00e8 in una zona di frontiera, ha radici storiche complesse da gestire, come si fa ad amministrare un Comune cos\u00ec complesso e come si applica il concetto di bene comune in un ente che ha delle forti rigidit\u00e0 amministrative&#8221;,\u00a0 \u00e8 stata la domanda posta da\u00a0Marino Sinibaldi direttore di Radio Tre 3 che ha condotto la tavola rotonda.<\/p>\n<p style=\"text-align: justify;\">Con Coletta erano seduti Antonio Decaro Presidente ANCI, Leonardo Bassilichi Presidente Bassilichi, Matteo Del Fante Amministratore Delegato Poste Italiane, Mauro Felicori Direttore Reggia di Caserta, Marco Frey Presidente nazionale Cittadinanza Attiva e Presidente Comitato Scientifico Fondazione Symbola, Agostino Giovagnoli Professore Ordinario di Storia Contemporanea Universit\u00e0 Cattolica del Sacro Cuore, Vincenzo Linarello Presidente Cooperativa Goel, Mauro Lusetti Presidente Legacoop, Catiuscia Marini Presidente Regione Umbria.<\/p>\n<p style=\"text-align: justify;\">Il Festival, tutto concentrato nella giornata di oggi, si \u00e8 posto come obiettivo di mettere al centro pubblica utilit\u00e0 e bene comune raccontando\u00a0 non solo la pubblica amministrazione che funziona, ma anche la capacit\u00e0 delle imprese e dei territori di creare nuove forme di relazione e di innovazione, e le esperienze del terzo settore &#8220;grazie al quale i nostri territori sono pi\u00f9 forti e coesi\u201d, ha detto il Presidente di Symola Ermete Realacci.<\/p>\n","protected":false},"excerpt":{"rendered":"<p>LATINA\u00a0 &#8211; &#8220;Vogliamo far capire a chi vive a Latina che la citt\u00e0 non \u00e8 roba d&#8217;altri, ma \u00e8 nostra, \u00e8 del cittadino,\u00a0 e la capacit\u00e0 di partecipare fa la differenza,\u00a0 perch\u00e9 si esce dal rapporto pubblico-privato e si entra in un concetto diverso che \u00e8 quello della cittadinanza attiva dove il controllo \u00e8 binario&#8221;. [&hellip;]<\/p>\n","protected":false},"author":62,"featured_media":198898,"comment_status":"open","ping_status":"closed","sticky":false,"template":"","format":"standard","meta":{"footnotes":""},"categories":[8,2312],"tags":[],"class_list":["post-198891","post","type-post","status-publish","format-standard","has-post-thumbnail","hentry","category-politica","category-video"],"_links":{"self":[{"href":"https:\/\/www.radioluna.it\/news\/wp-json\/wp\/v2\/posts\/198891","targetHints":{"allow":["GET"]}}],"collection":[{"href":"https:\/\/www.radioluna.it\/news\/wp-json\/wp\/v2\/posts"}],"about":[{"href":"https:\/\/www.radioluna.it\/news\/wp-json\/wp\/v2\/types\/post"}],"author":[{"embeddable":true,"href":"https:\/\/www.radioluna.it\/news\/wp-json\/wp\/v2\/users\/62"}],"replies":[{"embeddable":true,"href":"https:\/\/www.radioluna.it\/news\/wp-json\/wp\/v2\/comments?post=198891"}],"version-history":[{"count":0,"href":"https:\/\/www.radioluna.it\/news\/wp-json\/wp\/v2\/posts\/198891\/revisions"}],"wp:featuredmedia":[{"embeddable":true,"href":"https:\/\/www.radioluna.it\/news\/wp-json\/wp\/v2\/media\/198898"}],"wp:attachment":[{"href":"https:\/\/www.radioluna.it\/news\/wp-json\/wp\/v2\/media?parent=198891"}],"wp:term":[{"taxonomy":"category","embeddable":true,"href":"https:\/\/www.radioluna.it\/news\/wp-json\/wp\/v2\/categories?post=198891"},{"taxonomy":"post_tag","embeddable":true,"href":"https:\/\/www.radioluna.it\/news\/wp-json\/wp\/v2\/tags?post=198891"}],"curies":[{"name":"wp","href":"https:\/\/api.w.org\/{rel}","templated":true}]}}