{"id":199163,"date":"2017-10-26T11:36:55","date_gmt":"2017-10-26T09:36:55","guid":{"rendered":"http:\/\/www.radioluna.it\/news\/?p=199163"},"modified":"2017-10-26T11:36:55","modified_gmt":"2017-10-26T09:36:55","slug":"pavia-e-ansaldo-con-unindustria-latina-per-il-nuovo-regolamento-privacy","status":"publish","type":"post","link":"https:\/\/www.radioluna.it\/news\/2017\/10\/pavia-e-ansaldo-con-unindustria-latina-per-il-nuovo-regolamento-privacy\/","title":{"rendered":"Pavia e Ansaldo con Unindustria Latina per il nuovo regolamento privacy"},"content":{"rendered":"<div id=\"fb-root\"><\/div>\n<div id=\"attachment_183172\" style=\"width: 699px\" class=\"wp-caption aligncenter\"><a href=\"http:\/\/www.radioluna.it\/news\/wp-content\/uploads\/2016\/09\/KLINGER-CERINO-E-PONTECORVO.jpg\"><img loading=\"lazy\" decoding=\"async\" aria-describedby=\"caption-attachment-183172\" class=\"size-thumbnail wp-image-183172\" src=\"http:\/\/www.radioluna.it\/news\/wp-content\/uploads\/2016\/09\/KLINGER-CERINO-E-PONTECORVO-689x399.jpg\" alt=\"\" width=\"689\" height=\"399\" srcset=\"https:\/\/www.radioluna.it\/news\/wp-content\/uploads\/2016\/09\/KLINGER-CERINO-E-PONTECORVO-689x399.jpg 689w, https:\/\/www.radioluna.it\/news\/wp-content\/uploads\/2016\/09\/KLINGER-CERINO-E-PONTECORVO-300x174.jpg 300w, https:\/\/www.radioluna.it\/news\/wp-content\/uploads\/2016\/09\/KLINGER-CERINO-E-PONTECORVO-768x445.jpg 768w, https:\/\/www.radioluna.it\/news\/wp-content\/uploads\/2016\/09\/KLINGER-CERINO-E-PONTECORVO-1024x594.jpg 1024w, https:\/\/www.radioluna.it\/news\/wp-content\/uploads\/2016\/09\/KLINGER-CERINO-E-PONTECORVO-800x464.jpg 800w, https:\/\/www.radioluna.it\/news\/wp-content\/uploads\/2016\/09\/KLINGER-CERINO-E-PONTECORVO.jpg 1585w\" sizes=\"auto, (max-width: 689px) 100vw, 689px\" \/><\/a><p id=\"caption-attachment-183172\" class=\"wp-caption-text\">Giorgio Klinger al centro tra il direttore di Unindustria Latina Cerino e il presidente dell&#8217;area comprensoriale di Aprilia Pierpaolo Pontecorvo<\/p><\/div>\n<p style=\"text-align: justify;\"><strong>LATINA &#8211;<\/strong> Le principali misure che le imprese dovranno tenere presente in vista della piena applicazione del regolamento sulla privacy, prevista per il 25 maggio 2018, sono state il focus del convegno \u201cIl nuovo regolamento privacy: adempimenti e responsabilit\u00e0 delle imprese\u201d organizzato da Unindustria a Latina.\u00a0Il Convegno \u00e8 proseguito con l\u2019intervento dell\u2019avvocato Deborah Bolco, partner dello Studio legale Pavia e Ansaldo, che ha illustrato il nuovo quadro normativo europeo a meno di un anno dalla piena applicazione del regolamento, con un focus sui principi in continuit\u00e0 con il Codice Privacy e sulla gestione del periodo transitorio e gli adempimenti conseguenti, e anche sul trasferimento di dati extra UE.\u00a0Gli adempimenti in preparazione al nuovo regime anche alla luce delle linee guida del Garante e del ruolo del Responsabile della protezione dei dati sono stati al centro dell\u2019intervento del Dottor Luigi Pavani, Business Development Manager di RINA Services.<\/p>\n<p style=\"text-align: justify;\">Infine le attivit\u00e0 di verifica e le nuove misure sanzionatorie sono state affrontate dall\u2019avvocato Mariangela Papadia, senior associate dello Studio legale Pavia e Ansaldo, che ha illustrato come il nuovo regime preveda sanzioni amministrative fino a 20 milioni di euro o fino al 4% del fatturato annuale globale di gruppo per le multinazionali in caso, ad esempio, di violazioni concernenti i diritti degli interessati.<\/p>\n<p style=\"text-align: justify;\">\u201cLa materia della protezione dei dati \u00e8 destinata a diventare punto centrale in tutte le politiche di compliance aziendale, ma anche elemento cruciale delle politiche produttive e di business. Il GDPR \u00e8 inevitabilmente destinato ad avere un impatto massiccio sulle aziende globalizzate e sul mercato dell\u2019industria digitale per l\u2019incidenza che le nuove sfide tecnologiche hanno sui dati personali e i relativi diritti, come pure in tutti i settori in cui verr\u00e0 in considerazione il diritto alla portabilit\u00e0 dei dati. L\u2019applicazione del Regolamento sar\u00e0 ancora pi\u00f9 cogente per quelle organizzazioni che trattano molti dati sensibili e che dovranno nominare un responsabile della protezione dei dati (DPO, Data Protection Officer), figura assolutamente nuova nel nostro panorama\u201d, ha sottolineato Deborah Bolco, partner dello Studio Pavia e Ansaldo.<\/p>\n<p style=\"text-align: justify;\">\u201cIl nuovo regolamento sulla privacy, che entrer\u00e0 in vigore da maggio, rappresenta una grande novit\u00e0 per le aziende ed \u00e8 per questo motivo che come Unindustria abbiamo ritenuto opportuno illustrare loro tutte le novit\u00e0 previste dalla nuova normativa, un servizio che, considerata la presenza delle imprese al convegno, auspichiamo sia stato apprezzato dai nostri associati\u201d ha dichiarato il Presidente di Unindustria Latina Giorgio Klinger.<\/p>\n<p style=\"text-align: justify;\">&#8220;La protezione dei dati personali rientra nelle priorit\u00e0 della Commissione UE: l\u2019informazione personale \u00e8 considerata una componente essenziale della vita dei cittadini europei. Con la imminente entrata in vigore del GDPR, le organizzazioni sono chiamate ad applicare misure di protezione tecnologiche, procedurali e organizzative per aderire a tali principi, ma anche per evitare reclami degli interessati, violazioni dei dati personali e conseguenti possibili sanzioni. RINA Services, come ente terzo e indipendente, guida le diverse realt\u00e0 ad affrontare questi nuovi impegni, grazie all&#8217;esperienza maturata a livello nazionale e internazionale, nella sicurezza delle informazioni e nella privacy&#8221;, ha affermato Luigi Pavani, Business Development Manager di RINA Services.<\/p>\n","protected":false},"excerpt":{"rendered":"<p>LATINA &#8211; Le principali misure che le imprese dovranno tenere presente in vista della piena applicazione del regolamento sulla privacy, prevista per il 25 maggio 2018, sono state il focus del convegno \u201cIl nuovo regolamento privacy: adempimenti e responsabilit\u00e0 delle imprese\u201d organizzato da Unindustria a Latina.\u00a0Il Convegno \u00e8 proseguito con l\u2019intervento dell\u2019avvocato Deborah Bolco, partner [&hellip;]<\/p>\n","protected":false},"author":60,"featured_media":183172,"comment_status":"open","ping_status":"closed","sticky":false,"template":"","format":"standard","meta":{"footnotes":""},"categories":[11],"tags":[],"class_list":["post-199163","post","type-post","status-publish","format-standard","has-post-thumbnail","hentry","category-economia"],"_links":{"self":[{"href":"https:\/\/www.radioluna.it\/news\/wp-json\/wp\/v2\/posts\/199163","targetHints":{"allow":["GET"]}}],"collection":[{"href":"https:\/\/www.radioluna.it\/news\/wp-json\/wp\/v2\/posts"}],"about":[{"href":"https:\/\/www.radioluna.it\/news\/wp-json\/wp\/v2\/types\/post"}],"author":[{"embeddable":true,"href":"https:\/\/www.radioluna.it\/news\/wp-json\/wp\/v2\/users\/60"}],"replies":[{"embeddable":true,"href":"https:\/\/www.radioluna.it\/news\/wp-json\/wp\/v2\/comments?post=199163"}],"version-history":[{"count":0,"href":"https:\/\/www.radioluna.it\/news\/wp-json\/wp\/v2\/posts\/199163\/revisions"}],"wp:featuredmedia":[{"embeddable":true,"href":"https:\/\/www.radioluna.it\/news\/wp-json\/wp\/v2\/media\/183172"}],"wp:attachment":[{"href":"https:\/\/www.radioluna.it\/news\/wp-json\/wp\/v2\/media?parent=199163"}],"wp:term":[{"taxonomy":"category","embeddable":true,"href":"https:\/\/www.radioluna.it\/news\/wp-json\/wp\/v2\/categories?post=199163"},{"taxonomy":"post_tag","embeddable":true,"href":"https:\/\/www.radioluna.it\/news\/wp-json\/wp\/v2\/tags?post=199163"}],"curies":[{"name":"wp","href":"https:\/\/api.w.org\/{rel}","templated":true}]}}