{"id":199180,"date":"2017-10-27T01:10:34","date_gmt":"2017-10-26T23:10:34","guid":{"rendered":"http:\/\/www.radioluna.it\/news\/?p=199180"},"modified":"2017-10-27T01:11:33","modified_gmt":"2017-10-26T23:11:33","slug":"verso-latina-san-teodoro-pagliaroli-la-classifica-non-conta","status":"publish","type":"post","link":"https:\/\/www.radioluna.it\/news\/2017\/10\/verso-latina-san-teodoro-pagliaroli-la-classifica-non-conta\/","title":{"rendered":"Verso Latina- San Teodoro. Pagliaroli: la classifica non conta"},"content":{"rendered":"<div id=\"fb-root\"><\/div>\n<div id=\"attachment_167441\" style=\"width: 310px\" class=\"wp-caption aligncenter\"><img loading=\"lazy\" decoding=\"async\" aria-describedby=\"caption-attachment-167441\" class=\"size-medium wp-image-167441\" src=\"http:\/\/www.radioluna.it\/news\/wp-content\/uploads\/2015\/08\/francioni-300x225.jpg\" alt=\"\" width=\"300\" height=\"225\" srcset=\"https:\/\/www.radioluna.it\/news\/wp-content\/uploads\/2015\/08\/francioni-300x225.jpg 300w, https:\/\/www.radioluna.it\/news\/wp-content\/uploads\/2015\/08\/francioni-768x576.jpg 768w, https:\/\/www.radioluna.it\/news\/wp-content\/uploads\/2015\/08\/francioni-500x375.jpg 500w, https:\/\/www.radioluna.it\/news\/wp-content\/uploads\/2015\/08\/francioni-1024x768.jpg 1024w, https:\/\/www.radioluna.it\/news\/wp-content\/uploads\/2015\/08\/francioni-635x476.jpg 635w, https:\/\/www.radioluna.it\/news\/wp-content\/uploads\/2015\/08\/francioni-800x600.jpg 800w, https:\/\/www.radioluna.it\/news\/wp-content\/uploads\/2015\/08\/francioni.jpg 1000w\" sizes=\"auto, (max-width: 300px) 100vw, 300px\" \/><p id=\"caption-attachment-167441\" class=\"wp-caption-text\">My beautiful picture<\/p><\/div>\n<p style=\"text-align: justify;\"><strong>LATINA-<\/strong> &lt;Dobbiamo prendere ogni avversario allo stesso modo. La classifica non conta cos\u00ec tanto, chi viene al Francioni con uno stadio con tanto tifo d\u00e0 quel qualcosa in pi\u00f9. Dobbiamo riuscire ad essere pi\u00f9 bravi e riuscire a portare a casa i tre punti&gt;. E&#8217; quello che dice Antonio Pagliaroli che presenta la sfida di domenica al Francioni tra il Latina e i sardi del San Teodoro. Dopo il pareggio ottenuto a Sassari contro il Latte Dolce, i nerazzurri sono chiamati ad una vittoria tra le mura amiche. Pagliaroli \u00e8 pronto a partire in campo anche da titolare. &lt;Ci alleniamo tutta la settimana, vediamo le scelte del mister. Sono pronto sia a giocare da titolare che a subentrare a partita in corso&gt;.<\/p>\n<p>&nbsp;<\/p>\n","protected":false},"excerpt":{"rendered":"<p>LATINA- &lt;Dobbiamo prendere ogni avversario allo stesso modo. La classifica non conta cos\u00ec tanto, chi viene al Francioni con uno stadio con tanto tifo d\u00e0 quel qualcosa in pi\u00f9. Dobbiamo riuscire ad essere pi\u00f9 bravi e riuscire a portare a casa i tre punti&gt;. E&#8217; quello che dice Antonio Pagliaroli che presenta la sfida di [&hellip;]<\/p>\n","protected":false},"author":60,"featured_media":167441,"comment_status":"open","ping_status":"closed","sticky":false,"template":"","format":"standard","meta":{"footnotes":""},"categories":[17],"tags":[],"class_list":["post-199180","post","type-post","status-publish","format-standard","has-post-thumbnail","hentry","category-sport"],"_links":{"self":[{"href":"https:\/\/www.radioluna.it\/news\/wp-json\/wp\/v2\/posts\/199180","targetHints":{"allow":["GET"]}}],"collection":[{"href":"https:\/\/www.radioluna.it\/news\/wp-json\/wp\/v2\/posts"}],"about":[{"href":"https:\/\/www.radioluna.it\/news\/wp-json\/wp\/v2\/types\/post"}],"author":[{"embeddable":true,"href":"https:\/\/www.radioluna.it\/news\/wp-json\/wp\/v2\/users\/60"}],"replies":[{"embeddable":true,"href":"https:\/\/www.radioluna.it\/news\/wp-json\/wp\/v2\/comments?post=199180"}],"version-history":[{"count":0,"href":"https:\/\/www.radioluna.it\/news\/wp-json\/wp\/v2\/posts\/199180\/revisions"}],"wp:featuredmedia":[{"embeddable":true,"href":"https:\/\/www.radioluna.it\/news\/wp-json\/wp\/v2\/media\/167441"}],"wp:attachment":[{"href":"https:\/\/www.radioluna.it\/news\/wp-json\/wp\/v2\/media?parent=199180"}],"wp:term":[{"taxonomy":"category","embeddable":true,"href":"https:\/\/www.radioluna.it\/news\/wp-json\/wp\/v2\/categories?post=199180"},{"taxonomy":"post_tag","embeddable":true,"href":"https:\/\/www.radioluna.it\/news\/wp-json\/wp\/v2\/tags?post=199180"}],"curies":[{"name":"wp","href":"https:\/\/api.w.org\/{rel}","templated":true}]}}