{"id":199219,"date":"2017-10-27T12:23:09","date_gmt":"2017-10-27T10:23:09","guid":{"rendered":"http:\/\/www.radioluna.it\/news\/?p=199219"},"modified":"2017-10-27T12:23:09","modified_gmt":"2017-10-27T10:23:09","slug":"il-tour-di-insieme-per-il-lazio-arriva-a-latina","status":"publish","type":"post","link":"https:\/\/www.radioluna.it\/news\/2017\/10\/il-tour-di-insieme-per-il-lazio-arriva-a-latina\/","title":{"rendered":"Il tour di Insieme per il Lazio arriva a Latina"},"content":{"rendered":"<div id=\"fb-root\"><\/div>\n<div id=\"attachment_161572\" style=\"width: 310px\" class=\"wp-caption alignleft\"><img loading=\"lazy\" decoding=\"async\" aria-describedby=\"caption-attachment-161572\" class=\"wp-image-161572 size-medium\" src=\"http:\/\/www.radioluna.it\/news\/wp-content\/uploads\/2015\/03\/rosa-giancola-300x169.jpg\" alt=\"\" width=\"300\" height=\"169\" srcset=\"https:\/\/www.radioluna.it\/news\/wp-content\/uploads\/2015\/03\/rosa-giancola-300x169.jpg 300w, https:\/\/www.radioluna.it\/news\/wp-content\/uploads\/2015\/03\/rosa-giancola-768x432.jpg 768w, https:\/\/www.radioluna.it\/news\/wp-content\/uploads\/2015\/03\/rosa-giancola-500x281.jpg 500w, https:\/\/www.radioluna.it\/news\/wp-content\/uploads\/2015\/03\/rosa-giancola-635x357.jpg 635w, https:\/\/www.radioluna.it\/news\/wp-content\/uploads\/2015\/03\/rosa-giancola.jpg 800w\" sizes=\"auto, (max-width: 300px) 100vw, 300px\" \/><p id=\"caption-attachment-161572\" class=\"wp-caption-text\">Rosa Giancola<\/p><\/div>\n<p style=\"text-align: justify;\"><strong>LATINA<\/strong> &#8211;\u00a0Venerd\u00ec 27 ottobre alle 18\u00a0 nello Spazio eventi 8-11 (ex Stoa) via Cesare Battisti a Latina (alle 18) arriva anche a Latina il tour del gruppo \u201cInsieme per il Lazio\u201d, con una giornata di incontro e di ascolto. A lanciare l\u2019iniziativa, che ha gi\u00e0 fatto tappa in altre citt\u00e0 del Lazio e che continuer\u00e0 il suo viaggio fino all\u2019appuntamento di Roma, i consiglieri regionali Daniela Bianchi, Marta Bonafoni, Gino De Paolis e Rosa Giancola e il vice presidente della Regione Lazio Massimiliano Smeriglio.<\/p>\n<p style=\"text-align: justify;\">Si porta sui territori l\u2019esperienza di una forza politica plurale, con un obiettivo primario: l\u2019ascolto dei movimenti civici, delle amministrazioni, delle associazioni, delle organizzazioni economiche. Dopo i saluti istituzionali del sindaco di Latina Damiano Coletta, interverranno: la consigliera regionale pontina Rosa Giancola, il presidente dell\u2019Autorit\u00e0 di sistema portuale del Lazio Francesco Maria Di Majo, il presidente di Unindustria Latina Giorgio Klinger, il presidente del Parco Riviera di Ulisse Davide Marchese, Luca Cardello dell\u2019associazione Sempre Verde Pro Natura, la consigliera comunale di Cisterna Maria Innamorato.<\/p>\n<p style=\"text-align: justify;\">Le conclusioni sono affidate al vicepresidente Massimiliano Smergilio.<\/p>\n<p>&nbsp;<\/p>\n<p>&nbsp;<\/p>\n<p>&nbsp;<\/p>\n","protected":false},"excerpt":{"rendered":"<p>LATINA &#8211;\u00a0Venerd\u00ec 27 ottobre alle 18\u00a0 nello Spazio eventi 8-11 (ex Stoa) via Cesare Battisti a Latina (alle 18) arriva anche a Latina il tour del gruppo \u201cInsieme per il Lazio\u201d, con una giornata di incontro e di ascolto. A lanciare l\u2019iniziativa, che ha gi\u00e0 fatto tappa in altre citt\u00e0 del Lazio e che continuer\u00e0 [&hellip;]<\/p>\n","protected":false},"author":60,"featured_media":161572,"comment_status":"open","ping_status":"closed","sticky":false,"template":"","format":"standard","meta":{"footnotes":""},"categories":[16,8],"tags":[],"class_list":["post-199219","post","type-post","status-publish","format-standard","has-post-thumbnail","hentry","category-appuntamenti","category-politica"],"_links":{"self":[{"href":"https:\/\/www.radioluna.it\/news\/wp-json\/wp\/v2\/posts\/199219","targetHints":{"allow":["GET"]}}],"collection":[{"href":"https:\/\/www.radioluna.it\/news\/wp-json\/wp\/v2\/posts"}],"about":[{"href":"https:\/\/www.radioluna.it\/news\/wp-json\/wp\/v2\/types\/post"}],"author":[{"embeddable":true,"href":"https:\/\/www.radioluna.it\/news\/wp-json\/wp\/v2\/users\/60"}],"replies":[{"embeddable":true,"href":"https:\/\/www.radioluna.it\/news\/wp-json\/wp\/v2\/comments?post=199219"}],"version-history":[{"count":0,"href":"https:\/\/www.radioluna.it\/news\/wp-json\/wp\/v2\/posts\/199219\/revisions"}],"wp:featuredmedia":[{"embeddable":true,"href":"https:\/\/www.radioluna.it\/news\/wp-json\/wp\/v2\/media\/161572"}],"wp:attachment":[{"href":"https:\/\/www.radioluna.it\/news\/wp-json\/wp\/v2\/media?parent=199219"}],"wp:term":[{"taxonomy":"category","embeddable":true,"href":"https:\/\/www.radioluna.it\/news\/wp-json\/wp\/v2\/categories?post=199219"},{"taxonomy":"post_tag","embeddable":true,"href":"https:\/\/www.radioluna.it\/news\/wp-json\/wp\/v2\/tags?post=199219"}],"curies":[{"name":"wp","href":"https:\/\/api.w.org\/{rel}","templated":true}]}}