{"id":206385,"date":"2017-10-29T14:39:39","date_gmt":"2017-10-29T12:39:39","guid":{"rendered":"http:\/\/www.radioluna.it\/news\/?p=206385"},"modified":"2017-10-30T05:17:02","modified_gmt":"2017-10-30T03:17:02","slug":"tragedia-a-sezze-cade-dalle-scale-e-muore","status":"publish","type":"post","link":"https:\/\/www.radioluna.it\/news\/2017\/10\/tragedia-a-sezze-cade-dalle-scale-e-muore\/","title":{"rendered":"Tragedia a Sezze, cade dalle scale e muore"},"content":{"rendered":"<div id=\"fb-root\"><\/div>\n<p><img loading=\"lazy\" decoding=\"async\" class=\"aligncenter wp-image-163423\" src=\"http:\/\/www.radioluna.it\/news\/wp-content\/uploads\/2015\/04\/ospedale-Goretti-foto-Anna-635x476.jpg\" alt=\"\" width=\"690\" height=\"518\" srcset=\"https:\/\/www.radioluna.it\/news\/wp-content\/uploads\/2015\/04\/ospedale-Goretti-foto-Anna-635x476.jpg 635w, https:\/\/www.radioluna.it\/news\/wp-content\/uploads\/2015\/04\/ospedale-Goretti-foto-Anna-768x576.jpg 768w, https:\/\/www.radioluna.it\/news\/wp-content\/uploads\/2015\/04\/ospedale-Goretti-foto-Anna-500x375.jpg 500w, https:\/\/www.radioluna.it\/news\/wp-content\/uploads\/2015\/04\/ospedale-Goretti-foto-Anna-300x225.jpg 300w, https:\/\/www.radioluna.it\/news\/wp-content\/uploads\/2015\/04\/ospedale-Goretti-foto-Anna-1024x768.jpg 1024w, https:\/\/www.radioluna.it\/news\/wp-content\/uploads\/2015\/04\/ospedale-Goretti-foto-Anna-800x600.jpg 800w, https:\/\/www.radioluna.it\/news\/wp-content\/uploads\/2015\/04\/ospedale-Goretti-foto-Anna.jpg 1000w\" sizes=\"auto, (max-width: 690px) 100vw, 690px\" \/><\/p>\n<p style=\"text-align: justify;\"><strong>SEZZE &#8211;<\/strong> Una donna di origine romena \u00e8 morta questa mattina all&#8217;ospedale Santa Maria Goretti di Latina a causa delle gravi ferite riportate sabato sera dopo che \u00e8 caduta dalle scale. L&#8217;incidente domestico \u00e8 avvenuto in un&#8217;abitazione di Vicolo della Torricella. Subito \u00e8 scattato l&#8217;allarme e la donna che ha 67 anni \u00e8 stata trasportata in ospedale a Latina in condizioni molto gravi:\u00a0 medici e infermieri hanno fatto il possibile per salvarla ma per lei, a causa delle gravi ferite, riportate non c&#8217;\u00e8 stato niente da fare.<\/p>\n","protected":false},"excerpt":{"rendered":"<p>SEZZE &#8211; Una donna di origine romena \u00e8 morta questa mattina all&#8217;ospedale Santa Maria Goretti di Latina a causa delle gravi ferite riportate sabato sera dopo che \u00e8 caduta dalle scale. L&#8217;incidente domestico \u00e8 avvenuto in un&#8217;abitazione di Vicolo della Torricella. Subito \u00e8 scattato l&#8217;allarme e la donna che ha 67 anni \u00e8 stata trasportata [&hellip;]<\/p>\n","protected":false},"author":60,"featured_media":163423,"comment_status":"open","ping_status":"closed","sticky":false,"template":"","format":"standard","meta":{"footnotes":""},"categories":[7],"tags":[],"class_list":["post-206385","post","type-post","status-publish","format-standard","has-post-thumbnail","hentry","category-cronaca"],"_links":{"self":[{"href":"https:\/\/www.radioluna.it\/news\/wp-json\/wp\/v2\/posts\/206385","targetHints":{"allow":["GET"]}}],"collection":[{"href":"https:\/\/www.radioluna.it\/news\/wp-json\/wp\/v2\/posts"}],"about":[{"href":"https:\/\/www.radioluna.it\/news\/wp-json\/wp\/v2\/types\/post"}],"author":[{"embeddable":true,"href":"https:\/\/www.radioluna.it\/news\/wp-json\/wp\/v2\/users\/60"}],"replies":[{"embeddable":true,"href":"https:\/\/www.radioluna.it\/news\/wp-json\/wp\/v2\/comments?post=206385"}],"version-history":[{"count":0,"href":"https:\/\/www.radioluna.it\/news\/wp-json\/wp\/v2\/posts\/206385\/revisions"}],"wp:featuredmedia":[{"embeddable":true,"href":"https:\/\/www.radioluna.it\/news\/wp-json\/wp\/v2\/media\/163423"}],"wp:attachment":[{"href":"https:\/\/www.radioluna.it\/news\/wp-json\/wp\/v2\/media?parent=206385"}],"wp:term":[{"taxonomy":"category","embeddable":true,"href":"https:\/\/www.radioluna.it\/news\/wp-json\/wp\/v2\/categories?post=206385"},{"taxonomy":"post_tag","embeddable":true,"href":"https:\/\/www.radioluna.it\/news\/wp-json\/wp\/v2\/tags?post=206385"}],"curies":[{"name":"wp","href":"https:\/\/api.w.org\/{rel}","templated":true}]}}