{"id":206415,"date":"2017-11-04T12:17:42","date_gmt":"2017-11-04T10:17:42","guid":{"rendered":"http:\/\/www.radioluna.it\/news\/?p=206415"},"modified":"2017-11-04T15:37:21","modified_gmt":"2017-11-04T13:37:21","slug":"a-latina-il-primo-festival-della-narrazione-dal-10-al-12-novembre","status":"publish","type":"post","link":"https:\/\/www.radioluna.it\/news\/2017\/11\/a-latina-il-primo-festival-della-narrazione-dal-10-al-12-novembre\/","title":{"rendered":"A Latina il primo  festival della Narrazione dal 10 al 12 Novembre"},"content":{"rendered":"<div id=\"fb-root\"><\/div>\n<p style=\"text-align: justify;\"><strong><img loading=\"lazy\" decoding=\"async\" class=\"aligncenter size-thumbnail wp-image-206416\" src=\"http:\/\/www.radioluna.it\/news\/wp-content\/uploads\/2017\/10\/Cartolina-689x465.jpg\" alt=\"\" width=\"689\" height=\"465\" srcset=\"https:\/\/www.radioluna.it\/news\/wp-content\/uploads\/2017\/10\/Cartolina-689x465.jpg 689w, https:\/\/www.radioluna.it\/news\/wp-content\/uploads\/2017\/10\/Cartolina-300x202.jpg 300w, https:\/\/www.radioluna.it\/news\/wp-content\/uploads\/2017\/10\/Cartolina-768x518.jpg 768w, https:\/\/www.radioluna.it\/news\/wp-content\/uploads\/2017\/10\/Cartolina-1024x691.jpg 1024w, https:\/\/www.radioluna.it\/news\/wp-content\/uploads\/2017\/10\/Cartolina-500x337.jpg 500w, https:\/\/www.radioluna.it\/news\/wp-content\/uploads\/2017\/10\/Cartolina-800x540.jpg 800w, https:\/\/www.radioluna.it\/news\/wp-content\/uploads\/2017\/10\/Cartolina.jpg 1772w\" sizes=\"auto, (max-width: 689px) 100vw, 689px\" \/>LATINA<\/strong> &#8211; Latina inventa il primo Festival della Narrazione, tre giorni per dare &#8220;Potere alle Storie&#8221;, un&#8217;iniziativa promoss dall\u2019associazione di innovazione culturale MAGMA che si terr\u00e0 a Latina dal 10 al 12 novembre 2017.<\/p>\n<p style=\"text-align: justify;\"><strong>L\u2019INIZIATIVA<\/strong> &#8211; Il Festival della Narrazione\u00a0 &#8211; spiegano gli organizzatori &#8211; \u00e8 un evento che non ha precedenti in Italia. Si tratta di una iniziativa che arriva dopo due anni di esperienza dell\u2019associazione Magma sullo storytelling e sull\u2019approfondimento dei vari linguaggi narrativi. In cui sono state coinvolte altre realt\u00e0 associative del territorio, in una logica di network dove ognuno riesce a mantenere la propria identit\u00e0 in una logica di collaborazione. Spiegano gli organizzatori: \u00ababbiamo voluto invertire la classica concezione del Festival, dove al centro vengono messe le arti e al margine i temi che vengono affrontati con le opere stesse. Con Potere alle Storie ribaltiamo l\u2019ordine. E partiamo dal tema: quest\u2019anno il calcio, il prossimo anno un tema diverso e cos\u00ec via. Con le arti narrative a svolgere la funzione dei diversi punti di vista, per restituire alla realt\u00e0 la complessit\u00e0 dello sguardo.\u00bb<\/p>\n<p>ASCOLTA GRAZIANO LANZIDEI<\/p>\n<audio class=\"wp-audio-shortcode\" id=\"audio-206415-1\" preload=\"none\" style=\"width: 100%;\" controls=\"controls\"><source type=\"audio\/mpeg\" src=\"http:\/\/www.radioluna.it\/news\/wp-content\/uploads\/2017\/10\/lanzidei.mp3?_=1\" \/><a href=\"http:\/\/www.radioluna.it\/news\/wp-content\/uploads\/2017\/10\/lanzidei.mp3\">http:\/\/www.radioluna.it\/news\/wp-content\/uploads\/2017\/10\/lanzidei.mp3<\/a><\/audio>\n<p style=\"text-align: justify;\"><strong>\u00a0IL TEMA &#8211;<\/strong> Il calcio \u00e8 il tema della prima edizione di Potere alle Storie. Le storie legate allo sport pi\u00f9 diffuso al mondo saranno protagoniste del Festival con l\u2019intento dell\u2019ascolto, dell\u2019approfondimento e della riscoperta dell\u2019importanza di questo fenomeno socio \u2013 culturale per promuovere il racconto e la partecipazione della realt\u00e0 contemporanea. Nei diversi eventi che occuperanno il centro della citt\u00e0 si avvicenderanno scrittori, giornalisti, registi, videomaker, fotografi, blogger, disegnatori, artisti, musicisti, personaggi pubblici e operatori culturali del panorama nazionale.<\/p>\n<p style=\"text-align: justify;\">\u00abQuest\u2019anno &#8211; spiegano gli organizzatori &#8211; proveremo a raccontare il mondo attraverso il calcio, i suoi narratori e alcuni dei suoi protagonisti. Il calcio permea la quotidianit\u00e0, il linguaggio comune, il modo di fare cinema, tv, letteratura, l\u2019arte. Anche la politica ne \u00e8 rimasta suggestionata, arrivando addirittura a saccheggiare le figure retoriche che il racconto di questo sport ha generato\u00bb.<\/p>\n<p style=\"text-align: justify;\"><strong>GLI ORGANIZZATORI<\/strong> &#8211; Il festival \u00e8 ideato e promosso da MAGMA, con il patrocinio del Comune di Latina, in collaborazione con IL MURO Art, Philosophy, Visual Culture, periodico bimestrale, indipendente e bilingue che in occasione di Potere alle Storie uscir\u00e0 con un numero speciale sul tema del Festival, e con la partecipazione di Rinascita Civile, associazione di cittadini insieme per il bene comune, Liberi sulla carta, Fiera della editoria indipendente, e La Stanza, associazione culturale.<\/p>\n<p>&nbsp;<\/p>\n","protected":false},"excerpt":{"rendered":"<p>LATINA &#8211; Latina inventa il primo Festival della Narrazione, tre giorni per dare &#8220;Potere alle Storie&#8221;, un&#8217;iniziativa promoss dall\u2019associazione di innovazione culturale MAGMA che si terr\u00e0 a Latina dal 10 al 12 novembre 2017. L\u2019INIZIATIVA &#8211; Il Festival della Narrazione\u00a0 &#8211; spiegano gli organizzatori &#8211; \u00e8 un evento che non ha precedenti in Italia. Si [&hellip;]<\/p>\n","protected":false},"author":60,"featured_media":0,"comment_status":"open","ping_status":"closed","sticky":false,"template":"","format":"standard","meta":{"footnotes":""},"categories":[16,2310],"tags":[],"class_list":["post-206415","post","type-post","status-publish","format-standard","hentry","category-appuntamenti","category-audio"],"_links":{"self":[{"href":"https:\/\/www.radioluna.it\/news\/wp-json\/wp\/v2\/posts\/206415","targetHints":{"allow":["GET"]}}],"collection":[{"href":"https:\/\/www.radioluna.it\/news\/wp-json\/wp\/v2\/posts"}],"about":[{"href":"https:\/\/www.radioluna.it\/news\/wp-json\/wp\/v2\/types\/post"}],"author":[{"embeddable":true,"href":"https:\/\/www.radioluna.it\/news\/wp-json\/wp\/v2\/users\/60"}],"replies":[{"embeddable":true,"href":"https:\/\/www.radioluna.it\/news\/wp-json\/wp\/v2\/comments?post=206415"}],"version-history":[{"count":0,"href":"https:\/\/www.radioluna.it\/news\/wp-json\/wp\/v2\/posts\/206415\/revisions"}],"wp:attachment":[{"href":"https:\/\/www.radioluna.it\/news\/wp-json\/wp\/v2\/media?parent=206415"}],"wp:term":[{"taxonomy":"category","embeddable":true,"href":"https:\/\/www.radioluna.it\/news\/wp-json\/wp\/v2\/categories?post=206415"},{"taxonomy":"post_tag","embeddable":true,"href":"https:\/\/www.radioluna.it\/news\/wp-json\/wp\/v2\/tags?post=206415"}],"curies":[{"name":"wp","href":"https:\/\/api.w.org\/{rel}","templated":true}]}}