{"id":206437,"date":"2017-10-30T13:49:38","date_gmt":"2017-10-30T11:49:38","guid":{"rendered":"http:\/\/www.radioluna.it\/news\/?p=206437"},"modified":"2017-10-30T13:49:38","modified_gmt":"2017-10-30T11:49:38","slug":"libri-per-dislessici-ipovedenti-e-autistici-vietato-non-sfogliare","status":"publish","type":"post","link":"https:\/\/www.radioluna.it\/news\/2017\/10\/libri-per-dislessici-ipovedenti-e-autistici-vietato-non-sfogliare\/","title":{"rendered":"Libri per dislessici, ipovedenti e autistici: &#8220;Vietato non Sfogliare&#8221;"},"content":{"rendered":"<div id=\"fb-root\"><\/div>\n<p style=\"text-align: justify;\"><strong><img loading=\"lazy\" decoding=\"async\" class=\"aligncenter size-thumbnail wp-image-206441\" src=\"http:\/\/www.radioluna.it\/news\/wp-content\/uploads\/2017\/10\/Laboratorio-6-689x517.jpg\" alt=\"\" width=\"689\" height=\"517\" srcset=\"https:\/\/www.radioluna.it\/news\/wp-content\/uploads\/2017\/10\/Laboratorio-6-689x517.jpg 689w, https:\/\/www.radioluna.it\/news\/wp-content\/uploads\/2017\/10\/Laboratorio-6-300x225.jpg 300w, https:\/\/www.radioluna.it\/news\/wp-content\/uploads\/2017\/10\/Laboratorio-6-768x576.jpg 768w, https:\/\/www.radioluna.it\/news\/wp-content\/uploads\/2017\/10\/Laboratorio-6-1024x768.jpg 1024w, https:\/\/www.radioluna.it\/news\/wp-content\/uploads\/2017\/10\/Laboratorio-6-500x375.jpg 500w, https:\/\/www.radioluna.it\/news\/wp-content\/uploads\/2017\/10\/Laboratorio-6-800x600.jpg 800w, https:\/\/www.radioluna.it\/news\/wp-content\/uploads\/2017\/10\/Laboratorio-6.jpg 1072w\" sizes=\"auto, (max-width: 689px) 100vw, 689px\" \/>FORMIA<\/strong> &#8211; E&#8217; dedicata a chi vede poco o nulla, oppure non sente, a chi ha difficolt\u00e0 a seguire l\u2019ordine delle lettere e chi a decifrarne il significato, \u201cVietato non sfogliare\u201d, la mostra multimediale di libri speciali e audiovisivi promossa dalla biblioteca comunale \u201cLa Casa dei libri\u201d di via Cassio.\u00a0\u00a0&#8220;Oltre ogni difficolt\u00e0, quello alla lettura \u00e8 un diritto che spetta a tutti, senza alcuna limitazione&#8221;, dicono dall&#8217;associazione \u201cArea Onlus\u201d di Torino, che ha organizzato l&#8217;evento parte del progetto \u201cUn libro per tutti\u201d, presentato dal Comune di Formia e finanziato dalla Regione Lazio nell\u2019ambito del bando \u201cIo Leggo\u201d.<\/p>\n<p style=\"text-align: justify;\">Hanno visitato la mostra pi\u00f9 di 400 alunne e alunni delle scuole dell\u2019Infanzia ed Elementari di Formia per conoscere una selezione di oltre 90 testi scritti in Lingua dei Segni Italiana e Braille o tradotti in simboli; libri tattili per non vedenti, volumi ad alta leggibilit\u00e0 per superare le difficolt\u00e0 di lettura con caratteri e versioni tipografiche facilitate, audiolibri e silent book. Produzioni editoriali nate per aiutare bambini con disabilit\u00e0 sensoriali, motorie, intellettive o comunicative a superare i propri deficit attraverso l\u2019uso di codici diversi, calibrati sulle esigenze del lettore, per appassionarsi seguendo il linguaggio pi\u00f9 consono alle proprie capacit\u00e0.<\/p>\n<p style=\"text-align: justify;\">La mostra \u00e8 stata accompagnata da laboratori interattivi attraverso cui le alunne e gli alunni delle scuole hanno avuto l\u2019opportunit\u00e0 di approfondire il tema della disabilit\u00e0 e di scoprire i bisogni dei compagni di classe. La rappresentazione per nulla stereotipata che \u00e8 emersa della disabilit\u00e0 ha aiutato bambini, insegnanti e genitori ad affrontare l\u2019argomento con maggiore consapevolezza, ad acquisire le conoscenze necessarie a definire un approccio pi\u00f9 efficace ed umano.<\/p>\n<p style=\"text-align: justify;\">\n<p style=\"text-align: justify;\">Le\u00a0 operatrici di \u201cArea Onlus\u201d hanno garantito percorsi di formazione destinati a bibliotecari ed operatori del settore socio-educativo. Parallelamente, il Comune di Formia \u00e8 in procinto di dotare \u201cLa Casa dei libri\u201d degli strumenti librari e informatici che servono per garantire la piena accessibilit\u00e0 della biblioteca ai bisogni dell\u2019utenza speciale.<\/p>\n","protected":false},"excerpt":{"rendered":"<p>FORMIA &#8211; E&#8217; dedicata a chi vede poco o nulla, oppure non sente, a chi ha difficolt\u00e0 a seguire l\u2019ordine delle lettere e chi a decifrarne il significato, \u201cVietato non sfogliare\u201d, la mostra multimediale di libri speciali e audiovisivi promossa dalla biblioteca comunale \u201cLa Casa dei libri\u201d di via Cassio.\u00a0\u00a0&#8220;Oltre ogni difficolt\u00e0, quello alla lettura [&hellip;]<\/p>\n","protected":false},"author":62,"featured_media":206441,"comment_status":"open","ping_status":"closed","sticky":false,"template":"","format":"standard","meta":{"footnotes":""},"categories":[248],"tags":[],"class_list":["post-206437","post","type-post","status-publish","format-standard","has-post-thumbnail","hentry","category-istruzione"],"_links":{"self":[{"href":"https:\/\/www.radioluna.it\/news\/wp-json\/wp\/v2\/posts\/206437","targetHints":{"allow":["GET"]}}],"collection":[{"href":"https:\/\/www.radioluna.it\/news\/wp-json\/wp\/v2\/posts"}],"about":[{"href":"https:\/\/www.radioluna.it\/news\/wp-json\/wp\/v2\/types\/post"}],"author":[{"embeddable":true,"href":"https:\/\/www.radioluna.it\/news\/wp-json\/wp\/v2\/users\/62"}],"replies":[{"embeddable":true,"href":"https:\/\/www.radioluna.it\/news\/wp-json\/wp\/v2\/comments?post=206437"}],"version-history":[{"count":0,"href":"https:\/\/www.radioluna.it\/news\/wp-json\/wp\/v2\/posts\/206437\/revisions"}],"wp:featuredmedia":[{"embeddable":true,"href":"https:\/\/www.radioluna.it\/news\/wp-json\/wp\/v2\/media\/206441"}],"wp:attachment":[{"href":"https:\/\/www.radioluna.it\/news\/wp-json\/wp\/v2\/media?parent=206437"}],"wp:term":[{"taxonomy":"category","embeddable":true,"href":"https:\/\/www.radioluna.it\/news\/wp-json\/wp\/v2\/categories?post=206437"},{"taxonomy":"post_tag","embeddable":true,"href":"https:\/\/www.radioluna.it\/news\/wp-json\/wp\/v2\/tags?post=206437"}],"curies":[{"name":"wp","href":"https:\/\/api.w.org\/{rel}","templated":true}]}}