{"id":206446,"date":"2017-10-30T15:17:42","date_gmt":"2017-10-30T13:17:42","guid":{"rendered":"http:\/\/www.radioluna.it\/news\/?p=206446"},"modified":"2017-10-30T15:17:42","modified_gmt":"2017-10-30T13:17:42","slug":"vertenza-balneari-la-cna-latina-vuole-la-continuita-aziendale","status":"publish","type":"post","link":"https:\/\/www.radioluna.it\/news\/2017\/10\/vertenza-balneari-la-cna-latina-vuole-la-continuita-aziendale\/","title":{"rendered":"Vertenza balneari, la Cna Latina vuole la continuit\u00e0 aziendale"},"content":{"rendered":"<div id=\"fb-root\"><\/div>\n<p style=\"text-align: justify;\"><strong><img loading=\"lazy\" decoding=\"async\" class=\"alignleft wp-image-9780 size-medium\" src=\"http:\/\/www.radioluna.it\/news\/wp-content\/uploads\/2010\/08\/stabilimenti-balneari-300x199.jpg\" alt=\"\" width=\"300\" height=\"199\" srcset=\"https:\/\/www.radioluna.it\/news\/wp-content\/uploads\/2010\/08\/stabilimenti-balneari-300x199.jpg 300w, https:\/\/www.radioluna.it\/news\/wp-content\/uploads\/2010\/08\/stabilimenti-balneari-768x512.jpg 768w, https:\/\/www.radioluna.it\/news\/wp-content\/uploads\/2010\/08\/stabilimenti-balneari-500x333.jpg 500w, https:\/\/www.radioluna.it\/news\/wp-content\/uploads\/2010\/08\/stabilimenti-balneari-600x400.jpg 600w, https:\/\/www.radioluna.it\/news\/wp-content\/uploads\/2010\/08\/stabilimenti-balneari.jpg 800w\" sizes=\"auto, (max-width: 300px) 100vw, 300px\" \/>LATINA<\/strong> &#8211;\u00a0 Affermare il valore della\u00a0continuit\u00e0 aziendale chiedendo modifiche all&#8217;applicazione della direttiva Bolkenstein perch\u00e9 non venga stravolto il tessuto delle imprese balneari del territorio, rimettendo in circolo concessioni che potrebbero finire sotto il controllo di gruppi stranieri.<\/p>\n<p style=\"text-align: justify;\">&#8220;Le imprese balneari non sono solo una risorsa per l&#8217;economia ma rappresentano anche un pezzo di storia della nostra provincia che grazie al loro lavoro offrono un sistema di servizi e di accoglienza di ottimo livello&#8221;, dice\u00a0\u00a0il direttore della CNA di Latina, Antonello Testa, plaudendo all&#8217;iniziativa con cui il Parlamento, attraverso l&#8217;approvazione di un ordine del giorno sul legittimo affidamento, ha impegnato il Governo a valutare l&#8217;opportunit\u00e0 di tutelare le imprese balneari titolari di concessioni demaniali marittime rispetto alle logiche stringenti delle direttive europee.<\/p>\n<p style=\"text-align: justify;\">OBIETTIVO CONTINUITA&#8217; AZIENDALE Come CNA, prosegue Testa, dopo l&#8217;avvio della riforma sulle concessioni demaniali degli stabilimenti balneari, avviata dal Consiglio dei Ministri con la volont\u00e0 di applicare la direttiva europea &#8220;Bolkestein&#8221;, abbiamo messo in campo un lavoro di studio e concertazione che oggi grazie all&#8217;impegno di alcuni parlamentari sta dando i suoi primi ed importanti risultati. L&#8217;obiettivo della nostra azione, prosegue Testa, \u00e8 la definizione di una normativa che affermi la continuit\u00e0 aziendale nel rispetto degli investimenti e delle professionalit\u00e0 degli imprenditori coinvolti. In questo senso, conclude Testa, l\u2019iniziativa sindacale e giuridica di Cna Balneatori &#8211; come stabilito nel corso della Presidenza nazionale &#8211; sar\u00e0 indirizzata verso un\u2019 immediata interlocuzione con il Senato, dove il testo passer\u00e0 per il prosieguo dell\u2019esame, affinch\u00e9 sia specificata nella norma nazionale la continuit\u00e0 aziendale che qualifichi le attuali imprese in vigenza di rapporti pluriennali di durata infinita o indeterminata.<\/p>\n<p style=\"text-align: justify;\">OCCHIO AI NUMERI &#8211; Dello stesso avviso \u00e8 Gianfilippo di Russo, presidente CNA Balneari Latina, il quale evidenzia che dai temi emersi nel corso dell&#8217;Assemblea e della Presidenza nazionale di CNA Balneatori oltre alle proposte sul legittimo affidamento, sul periodo transitorio, si \u00e8 messo in luce, rispetto alle concessioni demaniali marittime, l&#8217;esigenza di procedere ad una verifica della non scarsit\u00e0 della risorsa, poich\u00e9 tutte le imprese balneari non arrivano ad interessare il 50% delle spiagge disponibili in Italia.<\/p>\n<p>&nbsp;<\/p>\n<p>&nbsp;<\/p>\n","protected":false},"excerpt":{"rendered":"<p>LATINA &#8211;\u00a0 Affermare il valore della\u00a0continuit\u00e0 aziendale chiedendo modifiche all&#8217;applicazione della direttiva Bolkenstein perch\u00e9 non venga stravolto il tessuto delle imprese balneari del territorio, rimettendo in circolo concessioni che potrebbero finire sotto il controllo di gruppi stranieri. &#8220;Le imprese balneari non sono solo una risorsa per l&#8217;economia ma rappresentano anche un pezzo di storia della [&hellip;]<\/p>\n","protected":false},"author":60,"featured_media":9780,"comment_status":"open","ping_status":"closed","sticky":false,"template":"","format":"standard","meta":{"footnotes":""},"categories":[11],"tags":[],"class_list":["post-206446","post","type-post","status-publish","format-standard","has-post-thumbnail","hentry","category-economia"],"_links":{"self":[{"href":"https:\/\/www.radioluna.it\/news\/wp-json\/wp\/v2\/posts\/206446","targetHints":{"allow":["GET"]}}],"collection":[{"href":"https:\/\/www.radioluna.it\/news\/wp-json\/wp\/v2\/posts"}],"about":[{"href":"https:\/\/www.radioluna.it\/news\/wp-json\/wp\/v2\/types\/post"}],"author":[{"embeddable":true,"href":"https:\/\/www.radioluna.it\/news\/wp-json\/wp\/v2\/users\/60"}],"replies":[{"embeddable":true,"href":"https:\/\/www.radioluna.it\/news\/wp-json\/wp\/v2\/comments?post=206446"}],"version-history":[{"count":0,"href":"https:\/\/www.radioluna.it\/news\/wp-json\/wp\/v2\/posts\/206446\/revisions"}],"wp:featuredmedia":[{"embeddable":true,"href":"https:\/\/www.radioluna.it\/news\/wp-json\/wp\/v2\/media\/9780"}],"wp:attachment":[{"href":"https:\/\/www.radioluna.it\/news\/wp-json\/wp\/v2\/media?parent=206446"}],"wp:term":[{"taxonomy":"category","embeddable":true,"href":"https:\/\/www.radioluna.it\/news\/wp-json\/wp\/v2\/categories?post=206446"},{"taxonomy":"post_tag","embeddable":true,"href":"https:\/\/www.radioluna.it\/news\/wp-json\/wp\/v2\/tags?post=206446"}],"curies":[{"name":"wp","href":"https:\/\/api.w.org\/{rel}","templated":true}]}}