{"id":206491,"date":"2017-10-31T09:31:48","date_gmt":"2017-10-31T07:31:48","guid":{"rendered":"http:\/\/www.radioluna.it\/news\/?p=206491"},"modified":"2017-10-31T09:31:48","modified_gmt":"2017-10-31T07:31:48","slug":"tiziano-ferro-e-levante-canteranno-insieme","status":"publish","type":"post","link":"https:\/\/www.radioluna.it\/news\/2017\/10\/tiziano-ferro-e-levante-canteranno-insieme\/","title":{"rendered":"Tiziano Ferro e Levante canteranno insieme"},"content":{"rendered":"<div id=\"fb-root\"><\/div>\n<p style=\"text-align: justify;\"><img loading=\"lazy\" decoding=\"async\" class=\"aligncenter size-thumbnail wp-image-206492\" src=\"http:\/\/www.radioluna.it\/news\/wp-content\/uploads\/2017\/10\/levante-tiziano-689x919.jpg\" alt=\"\" width=\"689\" height=\"919\" srcset=\"https:\/\/www.radioluna.it\/news\/wp-content\/uploads\/2017\/10\/levante-tiziano-689x919.jpg 689w, https:\/\/www.radioluna.it\/news\/wp-content\/uploads\/2017\/10\/levante-tiziano-225x300.jpg 225w, https:\/\/www.radioluna.it\/news\/wp-content\/uploads\/2017\/10\/levante-tiziano-500x667.jpg 500w, https:\/\/www.radioluna.it\/news\/wp-content\/uploads\/2017\/10\/levante-tiziano.jpg 720w\" sizes=\"auto, (max-width: 689px) 100vw, 689px\" \/><strong>LATINA<\/strong> &#8211; Lei \u00e8 la cantante del momento, nuova giudice di X-Factor, autrice di un romanzo (autobiografico) che sta spopolando. Lui \u00e8 il pi\u00f9 amato dagli italiani e non solo, campione di premi e di incassi. Canteranno insieme Tiziano Ferro e Levante, lo ha annunciato il cantante di Latina sui social (Facebook e Twitter) pubblicando anche una fotografia dell&#8217;abbraccio con lei: &#8220;Sei dolce, bravissima e bella. Non vedo l\u2019ora di far ascoltare a tutti la nostra (prima???) collaborazione! Tiziano&#8221;.<\/p>\n","protected":false},"excerpt":{"rendered":"<p>LATINA &#8211; Lei \u00e8 la cantante del momento, nuova giudice di X-Factor, autrice di un romanzo (autobiografico) che sta spopolando. Lui \u00e8 il pi\u00f9 amato dagli italiani e non solo, campione di premi e di incassi. Canteranno insieme Tiziano Ferro e Levante, lo ha annunciato il cantante di Latina sui social (Facebook e Twitter) pubblicando [&hellip;]<\/p>\n","protected":false},"author":62,"featured_media":206493,"comment_status":"open","ping_status":"closed","sticky":false,"template":"","format":"standard","meta":{"footnotes":""},"categories":[735],"tags":[],"class_list":["post-206491","post","type-post","status-publish","format-standard","has-post-thumbnail","hentry","category-attualita"],"_links":{"self":[{"href":"https:\/\/www.radioluna.it\/news\/wp-json\/wp\/v2\/posts\/206491","targetHints":{"allow":["GET"]}}],"collection":[{"href":"https:\/\/www.radioluna.it\/news\/wp-json\/wp\/v2\/posts"}],"about":[{"href":"https:\/\/www.radioluna.it\/news\/wp-json\/wp\/v2\/types\/post"}],"author":[{"embeddable":true,"href":"https:\/\/www.radioluna.it\/news\/wp-json\/wp\/v2\/users\/62"}],"replies":[{"embeddable":true,"href":"https:\/\/www.radioluna.it\/news\/wp-json\/wp\/v2\/comments?post=206491"}],"version-history":[{"count":0,"href":"https:\/\/www.radioluna.it\/news\/wp-json\/wp\/v2\/posts\/206491\/revisions"}],"wp:featuredmedia":[{"embeddable":true,"href":"https:\/\/www.radioluna.it\/news\/wp-json\/wp\/v2\/media\/206493"}],"wp:attachment":[{"href":"https:\/\/www.radioluna.it\/news\/wp-json\/wp\/v2\/media?parent=206491"}],"wp:term":[{"taxonomy":"category","embeddable":true,"href":"https:\/\/www.radioluna.it\/news\/wp-json\/wp\/v2\/categories?post=206491"},{"taxonomy":"post_tag","embeddable":true,"href":"https:\/\/www.radioluna.it\/news\/wp-json\/wp\/v2\/tags?post=206491"}],"curies":[{"name":"wp","href":"https:\/\/api.w.org\/{rel}","templated":true}]}}