{"id":206496,"date":"2017-10-31T10:31:37","date_gmt":"2017-10-31T08:31:37","guid":{"rendered":"http:\/\/www.radioluna.it\/news\/?p=206496"},"modified":"2017-10-31T11:03:29","modified_gmt":"2017-10-31T09:03:29","slug":"peggiora-ancora-lecosistema-urbano-di-latina-ora-siamo-in-89-posizione","status":"publish","type":"post","link":"https:\/\/www.radioluna.it\/news\/2017\/10\/peggiora-ancora-lecosistema-urbano-di-latina-ora-siamo-in-89-posizione\/","title":{"rendered":"Peggiora ancora l&#8217;ecosistema urbano di Latina: ora siamo in 89\u00b0 posizione"},"content":{"rendered":"<div id=\"fb-root\"><\/div>\n<p style=\"text-align: justify;\"><strong> <img loading=\"lazy\" decoding=\"async\" class=\"aligncenter size-full wp-image-206497\" src=\"http:\/\/www.radioluna.it\/news\/wp-content\/uploads\/2017\/10\/latina-1.jpg\" alt=\"\" width=\"678\" height=\"508\" srcset=\"https:\/\/www.radioluna.it\/news\/wp-content\/uploads\/2017\/10\/latina-1.jpg 678w, https:\/\/www.radioluna.it\/news\/wp-content\/uploads\/2017\/10\/latina-1-300x225.jpg 300w, https:\/\/www.radioluna.it\/news\/wp-content\/uploads\/2017\/10\/latina-1-500x375.jpg 500w\" sizes=\"auto, (max-width: 678px) 100vw, 678px\" \/>LATINA<\/strong> &#8211; E&#8217; ancora troppo scarsa l&#8217;attenzione alle politiche ambientali ma anche alle regole minime del vivere avendo presente che \u00e8 necessario diminuire il proprio impatto sull&#8217;ambiente. La\u00a0 maggior parte dei cittadini ne ignora, o fa finta di ignorarne l&#8217;importanza. A Latina, certamente. Lo dicono i dati di Legambiente che ha presentato l&#8217;edizione 2017 di Ecosistema Urbano, il dossier sulle perfomance ambientali dei capoluoghi di provincia giunto alla XXIV edizione, e realizzato in collaborazione con \u201cAmbiente Italia\u201d e \u201cIl Sole 24 Ore\u201d.<\/p>\n<p style=\"text-align: justify;\"><strong>RIFIUTI<\/strong> &#8211; Nel Lazio, la situazione \u00e8 critica ovunque, ma Latina peggiora marcatamente perdendo 18 posizioni: scende al 89\u00b0 posto\u00a0 dal 71\u00b0 del dossier 2016. Sono sconfortanti i dati sulla gestione dei rifiuti nel capoluogo pontino dove la raccolta differenziata non solo non cresce dalla sua deprimente percentuale, ma addirittura scende al 30% dal\u00a0 32% del 2016. Colpa dei cittadini che non separano i rifiuti, ma anche del gestore (oggi in fallimento) e dell&#8217;Amministrazione che non hanno mai fatto nulla per incentivarla e per premiare i cittadini virtuosi. Mandare pi\u00f9 rifiuti in discarica si traduce in un costo maggiore sulla bolletta, in maggiore inquinamento ambientale (con le discariche ormai esaurite serve ampliarle) e in minor valore, visto che plastica, carta, vetro e alluminio di possono vendere e sono dunque un valore.<\/p>\n<p style=\"text-align: justify;\"><strong>ACQUA<\/strong> &#8211; Capitolo a parte sul ciclo dell&#8217;acqua: migliora anche se troppo poco la situazione a Latina col 65% di dispersione (dal 67%) e \u00a0131 l\/ab\/anno di consumi.<\/p>\n<p style=\"text-align: justify;\"><strong>VERDE<\/strong> &#8211; Latina ha 12,6 metri quadrati di verde per abitante e con questo dato \u00e8 l&#8217;ultimo capoluogo del Lazio.<\/p>\n<p style=\"text-align: justify;\">Lo studio guarda alle politiche di sostenibilit\u00e0 ambientale messe in campo tramite l&#8217;analisi di 16 diversi indicatori che valutano insieme la qualit\u00e0 dell&#8217;aria, la salubrit\u00e0 del ciclo delle acque, i risultati che provengono dai modelli di gestione di rifiuti, lo sviluppo di mezzi pubblici, ciclabilit\u00e0 e aree pedonali a discapito del mezzo privato, la diffusione delle rinnovabili. A Latina c&#8217;\u00e8 sempre molto da lavorare.<\/p>\n<p>&nbsp;<\/p>\n","protected":false},"excerpt":{"rendered":"<p>LATINA &#8211; E&#8217; ancora troppo scarsa l&#8217;attenzione alle politiche ambientali ma anche alle regole minime del vivere avendo presente che \u00e8 necessario diminuire il proprio impatto sull&#8217;ambiente. La\u00a0 maggior parte dei cittadini ne ignora, o fa finta di ignorarne l&#8217;importanza. A Latina, certamente. Lo dicono i dati di Legambiente che ha presentato l&#8217;edizione 2017 di [&hellip;]<\/p>\n","protected":false},"author":62,"featured_media":206497,"comment_status":"open","ping_status":"closed","sticky":false,"template":"","format":"standard","meta":{"footnotes":""},"categories":[12],"tags":[],"class_list":["post-206496","post","type-post","status-publish","format-standard","has-post-thumbnail","hentry","category-ambiente"],"_links":{"self":[{"href":"https:\/\/www.radioluna.it\/news\/wp-json\/wp\/v2\/posts\/206496","targetHints":{"allow":["GET"]}}],"collection":[{"href":"https:\/\/www.radioluna.it\/news\/wp-json\/wp\/v2\/posts"}],"about":[{"href":"https:\/\/www.radioluna.it\/news\/wp-json\/wp\/v2\/types\/post"}],"author":[{"embeddable":true,"href":"https:\/\/www.radioluna.it\/news\/wp-json\/wp\/v2\/users\/62"}],"replies":[{"embeddable":true,"href":"https:\/\/www.radioluna.it\/news\/wp-json\/wp\/v2\/comments?post=206496"}],"version-history":[{"count":0,"href":"https:\/\/www.radioluna.it\/news\/wp-json\/wp\/v2\/posts\/206496\/revisions"}],"wp:featuredmedia":[{"embeddable":true,"href":"https:\/\/www.radioluna.it\/news\/wp-json\/wp\/v2\/media\/206497"}],"wp:attachment":[{"href":"https:\/\/www.radioluna.it\/news\/wp-json\/wp\/v2\/media?parent=206496"}],"wp:term":[{"taxonomy":"category","embeddable":true,"href":"https:\/\/www.radioluna.it\/news\/wp-json\/wp\/v2\/categories?post=206496"},{"taxonomy":"post_tag","embeddable":true,"href":"https:\/\/www.radioluna.it\/news\/wp-json\/wp\/v2\/tags?post=206496"}],"curies":[{"name":"wp","href":"https:\/\/api.w.org\/{rel}","templated":true}]}}