{"id":206517,"date":"2017-11-01T08:19:34","date_gmt":"2017-11-01T06:19:34","guid":{"rendered":"http:\/\/www.radioluna.it\/news\/?p=206517"},"modified":"2017-11-01T08:04:42","modified_gmt":"2017-11-01T06:04:42","slug":"giustizia-si-presenta-il-nuovo-consiglio-degli-avvocati","status":"publish","type":"post","link":"https:\/\/www.radioluna.it\/news\/2017\/11\/giustizia-si-presenta-il-nuovo-consiglio-degli-avvocati\/","title":{"rendered":"Giustizia, si presenta il nuovo consiglio degli Avvocati"},"content":{"rendered":"<div id=\"fb-root\"><\/div>\n<p style=\"text-align: justify;\"><strong><a href=\"http:\/\/www.radioluna.it\/news\/wp-content\/uploads\/2017\/10\/e8ca814c-2de7-45ed-94ae-976b610e92cd.jpg\"><img loading=\"lazy\" decoding=\"async\" class=\"aligncenter size-thumbnail wp-image-198601\" src=\"http:\/\/www.radioluna.it\/news\/wp-content\/uploads\/2017\/10\/e8ca814c-2de7-45ed-94ae-976b610e92cd-689x458.jpg\" alt=\"\" width=\"689\" height=\"458\" \/><\/a>LATINA<\/strong> &#8211; &#8220;Ci sar\u00e0 un contributo di idee da parte di tutti dopo una tornata elettorale che \u00e8 stata innovativa. Adesso c&#8217;\u00e8 una maggioranza e anche una opposizione&#8221;. E&#8217; quello che ha detto oggi il nuovo presidente dell&#8217;Ordine degli Avvocati di Latina Gianni Lauretti che ha presentato alla stampa il nuovo consiglio che sar\u00e0 in carica per un anno e due mesi dopo le elezioni che si sono svolte il 12 e il 13 ottobre. Sono diversi gli obiettivi a partire da quello di tamponare l&#8217;emergenza della pianta organica del Tribunale che insufficiente, compresi i disagi che si vivono nella sezione lavoro dove c&#8217;\u00e8 in servizio un magistrato e al giudice di pace. &#8220;La speranza \u00e8 che il Ministro della giustizia possa considerare Latina come sede disagiata &#8211; ha aggiunto Lauretti &#8211; per far arrivare nuovi giudici, anche perch\u00e9 si \u00e8 sparsa la voce che a Latina per il carico di lavoro cos\u00ec imponente, pochi scelgono questa sede. Da parte nostra dobbiamo lavorare a testa bassa e subito e per avere una voce forte dobbiamo essere una squadra&#8221;. Il primo obiettivo infatti del nuovo consiglio \u00e8 quello di avere un rapporto aperto anche con le forze politiche per far tornare il Tribunale di Latina, il terzo dell&#8217;Italia centrale come importanza e prestigio. Non \u00e8 escluso infatti che a breve possa essere ulteriormente revisionata la geografia giudiziaria con i nove comuni del sud della provincia di Latina attualmente annessi a Cassino dal punto di vista giudiziario che potrebbero tornare di competenza a Latina.<\/p>\n","protected":false},"excerpt":{"rendered":"<p>LATINA &#8211; &#8220;Ci sar\u00e0 un contributo di idee da parte di tutti dopo una tornata elettorale che \u00e8 stata innovativa. Adesso c&#8217;\u00e8 una maggioranza e anche una opposizione&#8221;. E&#8217; quello che ha detto oggi il nuovo presidente dell&#8217;Ordine degli Avvocati di Latina Gianni Lauretti che ha presentato alla stampa il nuovo consiglio che sar\u00e0 in [&hellip;]<\/p>\n","protected":false},"author":60,"featured_media":0,"comment_status":"open","ping_status":"closed","sticky":false,"template":"","format":"standard","meta":{"footnotes":""},"categories":[7],"tags":[],"class_list":["post-206517","post","type-post","status-publish","format-standard","hentry","category-cronaca"],"_links":{"self":[{"href":"https:\/\/www.radioluna.it\/news\/wp-json\/wp\/v2\/posts\/206517","targetHints":{"allow":["GET"]}}],"collection":[{"href":"https:\/\/www.radioluna.it\/news\/wp-json\/wp\/v2\/posts"}],"about":[{"href":"https:\/\/www.radioluna.it\/news\/wp-json\/wp\/v2\/types\/post"}],"author":[{"embeddable":true,"href":"https:\/\/www.radioluna.it\/news\/wp-json\/wp\/v2\/users\/60"}],"replies":[{"embeddable":true,"href":"https:\/\/www.radioluna.it\/news\/wp-json\/wp\/v2\/comments?post=206517"}],"version-history":[{"count":0,"href":"https:\/\/www.radioluna.it\/news\/wp-json\/wp\/v2\/posts\/206517\/revisions"}],"wp:attachment":[{"href":"https:\/\/www.radioluna.it\/news\/wp-json\/wp\/v2\/media?parent=206517"}],"wp:term":[{"taxonomy":"category","embeddable":true,"href":"https:\/\/www.radioluna.it\/news\/wp-json\/wp\/v2\/categories?post=206517"},{"taxonomy":"post_tag","embeddable":true,"href":"https:\/\/www.radioluna.it\/news\/wp-json\/wp\/v2\/tags?post=206517"}],"curies":[{"name":"wp","href":"https:\/\/api.w.org\/{rel}","templated":true}]}}