{"id":206559,"date":"2017-11-02T01:57:16","date_gmt":"2017-11-01T23:57:16","guid":{"rendered":"http:\/\/www.radioluna.it\/news\/?p=206559"},"modified":"2017-11-02T08:33:31","modified_gmt":"2017-11-02T06:33:31","slug":"latina-scontro-frontale-sulla-pontina-due-feriti","status":"publish","type":"post","link":"https:\/\/www.radioluna.it\/news\/2017\/11\/latina-scontro-frontale-sulla-pontina-due-feriti\/","title":{"rendered":"Latina, scontro frontale sulla Pontina: due feriti"},"content":{"rendered":"<div id=\"fb-root\"><\/div>\n<p><img loading=\"lazy\" decoding=\"async\" class=\"aligncenter wp-image-184446 size-full\" src=\"http:\/\/www.radioluna.it\/news\/wp-content\/uploads\/2016\/11\/incidente.jpg\" alt=\"\" width=\"737\" height=\"393\" srcset=\"https:\/\/www.radioluna.it\/news\/wp-content\/uploads\/2016\/11\/incidente.jpg 737w, https:\/\/www.radioluna.it\/news\/wp-content\/uploads\/2016\/11\/incidente-689x367.jpg 689w, https:\/\/www.radioluna.it\/news\/wp-content\/uploads\/2016\/11\/incidente-300x160.jpg 300w\" sizes=\"auto, (max-width: 737px) 100vw, 737px\" \/><\/p>\n<p style=\"text-align: justify;\"><strong>LATINA &#8211;<\/strong> Un grave incidente stradale \u00e8 avvenuto ieri mattina sulla Pontina a Latina al chilometro 69, a Borgo Piave. In uno scontro frontale tra una Audi e una Ford Fiesta, il conducente dell&#8217;Audi ha riportato la peggio ed \u00e8 stato soccorso dal personale del 118 e trasportato in ospedale in codice rosso. Anche il conducente della Ford \u00e8 rimasto ferito ma le condizioni sono meno preoccupanti. La dinamica dell&#8217;incidente \u00e8 in fase di ricostruzione da parte degli agenti della polizia stradale di Aprilia.<\/p>\n<p>&nbsp;<\/p>\n","protected":false},"excerpt":{"rendered":"<p>LATINA &#8211; Un grave incidente stradale \u00e8 avvenuto ieri mattina sulla Pontina a Latina al chilometro 69, a Borgo Piave. In uno scontro frontale tra una Audi e una Ford Fiesta, il conducente dell&#8217;Audi ha riportato la peggio ed \u00e8 stato soccorso dal personale del 118 e trasportato in ospedale in codice rosso. Anche il [&hellip;]<\/p>\n","protected":false},"author":60,"featured_media":184446,"comment_status":"open","ping_status":"closed","sticky":false,"template":"","format":"standard","meta":{"footnotes":""},"categories":[7],"tags":[],"class_list":["post-206559","post","type-post","status-publish","format-standard","has-post-thumbnail","hentry","category-cronaca"],"_links":{"self":[{"href":"https:\/\/www.radioluna.it\/news\/wp-json\/wp\/v2\/posts\/206559","targetHints":{"allow":["GET"]}}],"collection":[{"href":"https:\/\/www.radioluna.it\/news\/wp-json\/wp\/v2\/posts"}],"about":[{"href":"https:\/\/www.radioluna.it\/news\/wp-json\/wp\/v2\/types\/post"}],"author":[{"embeddable":true,"href":"https:\/\/www.radioluna.it\/news\/wp-json\/wp\/v2\/users\/60"}],"replies":[{"embeddable":true,"href":"https:\/\/www.radioluna.it\/news\/wp-json\/wp\/v2\/comments?post=206559"}],"version-history":[{"count":0,"href":"https:\/\/www.radioluna.it\/news\/wp-json\/wp\/v2\/posts\/206559\/revisions"}],"wp:featuredmedia":[{"embeddable":true,"href":"https:\/\/www.radioluna.it\/news\/wp-json\/wp\/v2\/media\/184446"}],"wp:attachment":[{"href":"https:\/\/www.radioluna.it\/news\/wp-json\/wp\/v2\/media?parent=206559"}],"wp:term":[{"taxonomy":"category","embeddable":true,"href":"https:\/\/www.radioluna.it\/news\/wp-json\/wp\/v2\/categories?post=206559"},{"taxonomy":"post_tag","embeddable":true,"href":"https:\/\/www.radioluna.it\/news\/wp-json\/wp\/v2\/tags?post=206559"}],"curies":[{"name":"wp","href":"https:\/\/api.w.org\/{rel}","templated":true}]}}