{"id":206790,"date":"2017-11-06T13:38:55","date_gmt":"2017-11-06T12:38:55","guid":{"rendered":"http:\/\/www.radioluna.it\/news\/?p=206790"},"modified":"2017-11-06T13:38:55","modified_gmt":"2017-11-06T12:38:55","slug":"mappe-di-comunita-presentazione-a-latina","status":"publish","type":"post","link":"https:\/\/www.radioluna.it\/news\/2017\/11\/mappe-di-comunita-presentazione-a-latina\/","title":{"rendered":"Mappe di Comunit\u00e0, presentazione a Latina"},"content":{"rendered":"<div id=\"fb-root\"><\/div>\n<div id=\"attachment_206801\" style=\"width: 170px\" class=\"wp-caption alignleft\"><img loading=\"lazy\" decoding=\"async\" aria-describedby=\"caption-attachment-206801\" class=\"wp-image-206801 size-full\" src=\"http:\/\/www.radioluna.it\/news\/wp-content\/uploads\/2017\/11\/donatella-e1432568920699.jpg\" alt=\"\" width=\"160\" height=\"160\" srcset=\"https:\/\/www.radioluna.it\/news\/wp-content\/uploads\/2017\/11\/donatella-e1432568920699.jpg 160w, https:\/\/www.radioluna.it\/news\/wp-content\/uploads\/2017\/11\/donatella-e1432568920699-150x150.jpg 150w, https:\/\/www.radioluna.it\/news\/wp-content\/uploads\/2017\/11\/donatella-e1432568920699-50x50.jpg 50w\" sizes=\"auto, (max-width: 160px) 100vw, 160px\" \/><p id=\"caption-attachment-206801\" class=\"wp-caption-text\">L&#8217;architetta Donatella Murtas esperta di Mappe di Comunit\u00e0<\/p><\/div>\n<p style=\"text-align: justify;\"><strong>LATINA<\/strong> &#8211; &#8220;Riflettere, collettivamente, sul quotidiano dei nostri luoghi di vita \u00e8 essenziale per conoscerli, imparare a gestirli e a prendersene cura. Ci\u00f2 implica dover mettere da parte pregiudizi, interpretazioni e valori assoluti, e dedicare tempo ed energie alla riscoperta critica e gioiosa dei caratteri distintivi che li animano. E, attraverso questo processo, sviluppare il sentimento di appartenenza degli abitanti per un luogo&#8221;. La consigliera regionale pontina Rosa Giancola, presenta cos\u00ec, con una riflessione dell&#8217;architetta Donatella Murtas,\u00a0 l&#8217;appuntamento con Le Mappe di Comunit\u00e0.<\/p>\n<p style=\"text-align: justify;\">Gioved\u00ec 9 novembre 2017 alle 16\u00a0 a Latina nell&#8217;Auditorium dell&#8217;Istituto comprensivo \u201cDon Lorenzo Milani\u201d in Via Cilea, 3 (quartiere Nuova Latina, ex-Q4) si parler\u00e0 di Perch\u00e9 e come realizzare le mappe di comunit\u00e0, con esempi portati dalla Murtas, esperta di ecomusei, di pratiche di progettazione partecipata \u2013 tra le quali le mappe di comunit\u00e0 da lei introdotte in Italia su ispirazione delle Parish Maps inglesi &#8211; di interpretazione del patrimonio culturale e di paesaggi che si occupa del tema. Si affronter\u00e0 poi il percorso Dalla Mappatura di Comunit\u00e0 al Patto per il Fiume Simeto.\u00a0 Racconto e riflessioni su un percorso collettivo a cura di Giusy Pappalardo, esperta di processi innovativi-inclusivi per il governo del territorio in contesti critici. Ci saranno testimonianze dal territorio.<\/p>\n<p style=\"text-align: justify;\">I saluti sono affidati alla dirigente della Don Milani, prof.ssa Marina Palumbo, e dal docente di orientamento prof. Claudio Castelli. Le conclusioni alla prof.ssa Nicoletta Nicoletti<\/p>\n<p style=\"text-align: justify;\">Interverranno:<\/p>\n<p style=\"text-align: justify;\">Rosa Giancola &#8211; Consigliera Regione Lazio, co-firmataria legge regionale ecomusei<br \/>\nMatteo Lovato &#8211; Assessore Pol. Giovanili e Promozione Territorio, Comune Pontinia<br \/>\nAntonella Di Muro \u2013 Assessora Cultura Scuola Sport, Comune Latina<br \/>\nCristina Leggio \u2013 Assessora Citt\u00e0 Internazionale Programmazione europea Politiche giovanili Universit\u00e0 Innovazione Ricerca, Comune Latina<\/p>\n<div class=\"radio-posizionamento-telefono-in-articoli-dopo-il-contenuto-articolo radio-entity-placement\" id=\"radio-25250989\"><div id=\"radio-339291059\"><a href=\"https:\/\/www.simeoneceramiche.com\/\" aria-label=\"SIMEONE CERAMICHE GIF animata per radioluna_Tavola disegno 1 copia 2 (online-video-cutter.com)\"><img loading=\"lazy\" decoding=\"async\" src=\"https:\/\/www.radioluna.it\/news\/wp-content\/uploads\/2025\/05\/SIMEONE-CERAMICHE-GIF-animata-per-radioluna_Tavola-disegno-1-copia-2-online-video-cutter.com_.gif\" alt=\"\"  width=\"300\" height=\"250\"   \/><\/a><\/div><\/div>","protected":false},"excerpt":{"rendered":"<p>LATINA &#8211; &#8220;Riflettere, collettivamente, sul quotidiano dei nostri luoghi di vita \u00e8 essenziale per conoscerli, imparare a gestirli e a prendersene cura. Ci\u00f2 implica dover mettere da parte pregiudizi, interpretazioni e valori assoluti, e dedicare tempo ed energie alla riscoperta critica e gioiosa dei caratteri distintivi che li animano. E, attraverso questo processo, sviluppare il [&hellip;]<\/p>\n","protected":false},"author":62,"featured_media":206801,"comment_status":"open","ping_status":"closed","sticky":false,"template":"","format":"standard","meta":{"footnotes":""},"categories":[16],"tags":[],"class_list":["post-206790","post","type-post","status-publish","format-standard","has-post-thumbnail","hentry","category-appuntamenti"],"_links":{"self":[{"href":"https:\/\/www.radioluna.it\/news\/wp-json\/wp\/v2\/posts\/206790","targetHints":{"allow":["GET"]}}],"collection":[{"href":"https:\/\/www.radioluna.it\/news\/wp-json\/wp\/v2\/posts"}],"about":[{"href":"https:\/\/www.radioluna.it\/news\/wp-json\/wp\/v2\/types\/post"}],"author":[{"embeddable":true,"href":"https:\/\/www.radioluna.it\/news\/wp-json\/wp\/v2\/users\/62"}],"replies":[{"embeddable":true,"href":"https:\/\/www.radioluna.it\/news\/wp-json\/wp\/v2\/comments?post=206790"}],"version-history":[{"count":0,"href":"https:\/\/www.radioluna.it\/news\/wp-json\/wp\/v2\/posts\/206790\/revisions"}],"wp:featuredmedia":[{"embeddable":true,"href":"https:\/\/www.radioluna.it\/news\/wp-json\/wp\/v2\/media\/206801"}],"wp:attachment":[{"href":"https:\/\/www.radioluna.it\/news\/wp-json\/wp\/v2\/media?parent=206790"}],"wp:term":[{"taxonomy":"category","embeddable":true,"href":"https:\/\/www.radioluna.it\/news\/wp-json\/wp\/v2\/categories?post=206790"},{"taxonomy":"post_tag","embeddable":true,"href":"https:\/\/www.radioluna.it\/news\/wp-json\/wp\/v2\/tags?post=206790"}],"curies":[{"name":"wp","href":"https:\/\/api.w.org\/{rel}","templated":true}]}}