{"id":206861,"date":"2017-11-07T14:30:43","date_gmt":"2017-11-07T13:30:43","guid":{"rendered":"http:\/\/www.radioluna.it\/news\/?p=206861"},"modified":"2017-11-08T10:13:53","modified_gmt":"2017-11-08T09:13:53","slug":"presentato-il-nuovo-calendario-dei-carabinieri","status":"publish","type":"post","link":"https:\/\/www.radioluna.it\/news\/2017\/11\/presentato-il-nuovo-calendario-dei-carabinieri\/","title":{"rendered":"Presentato il nuovo Calendario dei Carabinieri"},"content":{"rendered":"<div id=\"fb-root\"><\/div>\n<p style=\"text-align: justify;\"><img loading=\"lazy\" decoding=\"async\" class=\"aligncenter wp-image-206862 size-thumbnail\" src=\"http:\/\/www.radioluna.it\/news\/wp-content\/uploads\/2017\/11\/calendario-cc-2018-689x459.jpg\" alt=\"\" width=\"689\" height=\"459\" srcset=\"https:\/\/www.radioluna.it\/news\/wp-content\/uploads\/2017\/11\/calendario-cc-2018-689x459.jpg 689w, https:\/\/www.radioluna.it\/news\/wp-content\/uploads\/2017\/11\/calendario-cc-2018-300x200.jpg 300w, https:\/\/www.radioluna.it\/news\/wp-content\/uploads\/2017\/11\/calendario-cc-2018-768x512.jpg 768w, https:\/\/www.radioluna.it\/news\/wp-content\/uploads\/2017\/11\/calendario-cc-2018-1024x682.jpg 1024w, https:\/\/www.radioluna.it\/news\/wp-content\/uploads\/2017\/11\/calendario-cc-2018-500x333.jpg 500w, https:\/\/www.radioluna.it\/news\/wp-content\/uploads\/2017\/11\/calendario-cc-2018-800x533.jpg 800w, https:\/\/www.radioluna.it\/news\/wp-content\/uploads\/2017\/11\/calendario-cc-2018.jpg 1600w\" sizes=\"auto, (max-width: 689px) 100vw, 689px\" \/><strong>LATINA &#8211;<\/strong> Dopo la presentazione al Museo Nazionale delle Arti del XXI secolo MAXXI di Roma si \u00e8 svolta anche a Latina la presentazione del Calendario Storico 2018 dell\u2019Arma dei Carabinieri.<\/p>\n<p style=\"text-align: justify;\">Il Calendario che\u00a0ha raggiunto una tiratura di 1.300.000 copie, di cui quasi 11.000 in altre lingue (inglese, francese, spagnolo, tedesco, arabo e quest\u2019anno anche giapponese, cinese e russo), \u00e8 composto da tavole ideate e realizzate quest&#8217;anno sotto la direzione artistica di Silvia di Paolo. E&#8217; incentrato sul tema\u00a0 I valori etici e sociali dell\u2019Arma: impegno per l\u2019ambiente, la sicurezza personale e sociale, la tutela delle categorie deboli, l&#8217; integrazione multiculturale, il valore della tradizione, la libert\u00e0 di espressione, la libert\u00e0 di riunione, la cooperazione internazionale, la tutela del patrimonio culturale, la tutela dei minori, l\u2019 ordinata convivenza civile, l\u2019identit\u00e0 culturale, dodici temi per dodici mesi dell\u2019anno che dodici affermati pittori contemporanei hanno espresso e raffigurato.<\/p>\n<p style=\"text-align: justify;\">&#8220;La pubblicazione ha una rilevanza particolare per la famiglia dell\u2019Arma &#8211; ha rimarcato il tenente colonnello Pietro Di Miccoli durante la presentazione nella sala stampa della caserma Cimarrusti-\u00a0 perch\u00e9 \u00e8 motivo di coesione attorno a un oggetto semplice eppure significativo, poich\u00e9 ispirato ai valori nei quali si riconosce ogni carabiniere, da un capo all\u2019altro d\u2019Italia.<\/p>\n<p style=\"text-align: justify;\">L\u2019Agenda 2018 ha invece dedicato il proprio inserto allo \u201cSport nell\u2019Arma\u201d ed ai Gruppi Sportivi dell\u2019Istituzione. Sport come espressione dei valori universalmente riconosciuti: rispetto di persone e regole, disciplina, impegno, sacrificio, lealt\u00e0, tenacia, correttezza, emulazione, valori che devono essere patrimonio di ogni Carabiniere.<\/p>\n","protected":false},"excerpt":{"rendered":"<p>LATINA &#8211; Dopo la presentazione al Museo Nazionale delle Arti del XXI secolo MAXXI di Roma si \u00e8 svolta anche a Latina la presentazione del Calendario Storico 2018 dell\u2019Arma dei Carabinieri. Il Calendario che\u00a0ha raggiunto una tiratura di 1.300.000 copie, di cui quasi 11.000 in altre lingue (inglese, francese, spagnolo, tedesco, arabo e quest\u2019anno anche [&hellip;]<\/p>\n","protected":false},"author":62,"featured_media":206862,"comment_status":"open","ping_status":"closed","sticky":false,"template":"","format":"standard","meta":{"footnotes":""},"categories":[735],"tags":[],"class_list":["post-206861","post","type-post","status-publish","format-standard","has-post-thumbnail","hentry","category-attualita"],"_links":{"self":[{"href":"https:\/\/www.radioluna.it\/news\/wp-json\/wp\/v2\/posts\/206861","targetHints":{"allow":["GET"]}}],"collection":[{"href":"https:\/\/www.radioluna.it\/news\/wp-json\/wp\/v2\/posts"}],"about":[{"href":"https:\/\/www.radioluna.it\/news\/wp-json\/wp\/v2\/types\/post"}],"author":[{"embeddable":true,"href":"https:\/\/www.radioluna.it\/news\/wp-json\/wp\/v2\/users\/62"}],"replies":[{"embeddable":true,"href":"https:\/\/www.radioluna.it\/news\/wp-json\/wp\/v2\/comments?post=206861"}],"version-history":[{"count":0,"href":"https:\/\/www.radioluna.it\/news\/wp-json\/wp\/v2\/posts\/206861\/revisions"}],"wp:featuredmedia":[{"embeddable":true,"href":"https:\/\/www.radioluna.it\/news\/wp-json\/wp\/v2\/media\/206862"}],"wp:attachment":[{"href":"https:\/\/www.radioluna.it\/news\/wp-json\/wp\/v2\/media?parent=206861"}],"wp:term":[{"taxonomy":"category","embeddable":true,"href":"https:\/\/www.radioluna.it\/news\/wp-json\/wp\/v2\/categories?post=206861"},{"taxonomy":"post_tag","embeddable":true,"href":"https:\/\/www.radioluna.it\/news\/wp-json\/wp\/v2\/tags?post=206861"}],"curies":[{"name":"wp","href":"https:\/\/api.w.org\/{rel}","templated":true}]}}