{"id":206877,"date":"2017-11-07T18:41:17","date_gmt":"2017-11-07T17:41:17","guid":{"rendered":"http:\/\/www.radioluna.it\/news\/?p=206877"},"modified":"2017-11-10T07:36:36","modified_gmt":"2017-11-10T06:36:36","slug":"gelate-di-aprile-il-ministero-riconosce-i-danni-allagricoltura","status":"publish","type":"post","link":"https:\/\/www.radioluna.it\/news\/2017\/11\/gelate-di-aprile-il-ministero-riconosce-i-danni-allagricoltura\/","title":{"rendered":"Gelate di aprile, il Ministero riconosce i danni all&#8217;agricoltura"},"content":{"rendered":"<div id=\"fb-root\"><\/div>\n<p style=\"text-align: justify;\"><strong><img loading=\"lazy\" decoding=\"async\" class=\"alignleft wp-image-206878 size-full\" src=\"http:\/\/www.radioluna.it\/news\/wp-content\/uploads\/2017\/11\/serra-scoperchiata.jpg\" alt=\"\" width=\"408\" height=\"306\" srcset=\"https:\/\/www.radioluna.it\/news\/wp-content\/uploads\/2017\/11\/serra-scoperchiata.jpg 408w, https:\/\/www.radioluna.it\/news\/wp-content\/uploads\/2017\/11\/serra-scoperchiata-300x225.jpg 300w\" sizes=\"auto, (max-width: 408px) 100vw, 408px\" \/>LATINA<\/strong> &#8211; Un sospiro di sollievo per gli agricoltori del Lazio. E&#8217; di oggi la notizia che il Mipaf ha riconosciuto i danni per le gelate dello scorso aprile. L&#8217;elenco comprende Aprilia, Cisterna di Latina, Cori, Fondi, Latina, Pontinia, Priverno, Roccagorga, Roccasecca dei Volsci, Sabaudia, Sermoneta, Sezze e Terracina;<\/p>\n<p style=\"text-align: justify;\">\u201cSono davvero soddisfatto per l\u2019approvazione da parte del Ministero delle Politiche Agricole della proposta avanzata dalla Regione Lazio declaratoria di eccezionalit\u00e0 dei danni causati dalle gelate verificatesi nello scorso mese di aprile. E\u2019 un aiuto concreto per le imprese agricole del nostro territorio\u201d, Dichiara in una nota il Presidente della Regione Lazio,\u00a0Nicola Zingaretti.<\/p>\n<p style=\"text-align: justify;\">\u00abGiunge finalmente a termine e con esisto positivo \u2013 commentano l\u2019assessore alle Politiche Agricole Claudio Chinatti ed il sindaco di Cisterna Eleonora Della Penna &#8211; il lavoro svolto\u00a0 per ottenere il riconoscimento del carattere di eccezionalit\u00e0 delle gelate del mese di aprile scorso. Un evento calamitoso che ha colpito molte aziende del nostro territorio mettendo in pericolo le coltivazioni di kiwi, uva e altre produzioni con un impatto ingente sul reddito delle aziende e quindi sulla nostra intera economia locale. Il Comune di Cisterna \u00e8 stato il primo ad attivarsi&#8221;.<\/p>\n<p style=\"text-align: justify;\">Per il consigliere regionale Enrico Forte &#8220;si tratta di un risultato importante ottenuto grazie all\u2019impegno congiunto delle istituzioni, in particolare dell\u2019amministrazione regionale, e delle aziende agricole con le quali si sono tenuti numerosi incontri proprio per ottenere il riconoscimento dei danni subiti in conseguenza di eventi climatici particolarmente avversi. Ancora una volta la Regione \u2013 conclude il consigliere regionale &#8211; con grande tempestivit\u00e0 si \u00e8 fatta portavoce delle istanze degli agricoltori riuscendo a far riconoscere loro la possibilit\u00e0 di accedere alle competenze previste dalla normativa vigente\u201d.<\/p>\n<p style=\"text-align: justify;\">Da questo momento, dalla data di pubblicazione sulla GURI del Decreto Ministeriale, decorrono, per le imprese agricole ricadenti nel territorio delimitato, i 45 giorni per la presentazione della domanda di richiesta di contributo alle Aree Agricoltura Decentrate competenti. Subito dopo, il Ministero disporr\u00e0 con proprio decreto il piano di riparto delle somme da prelevarsi dal Fondo di Solidariet\u00e0 Nazionale.<\/p>\n<p style=\"text-align: justify;\"><strong>MA ORA CI SONO I DANNI PER IL MALTEMPO DI DOMENICA<\/strong> &#8211; Per Coldiretti per\u00f2 c&#8217;\u00e8 da pensare gi\u00e0 ad un&#8217;altra emergenza:\u00a0 \u201cNon abbiamo nemmeno potuto rallegrarci per la pubblicazione del decreto che spalanca le porte ai risarcimenti per le aziende danneggiate dalle gelate, che subito \u00e8 risuonato il nuovo allarme da Terracina dove la tromba d\u2019aria, accompagnata dalle violente precipitazioni e dal forte vento, ha causato nuovi, ingenti danni\u201d, dice Pietro Greco, direttore della Coldiretti di Latina. L\u2019eccezionale ondata di maltempo ha danneggiato serre, coltivazioni in campo aperto, annessi rurali, impianti produttivi, stalle, fienili. Decine le aziende colpite.<\/p>\n<p style=\"text-align: justify;\">La prima ricognizione effettuata dai tecnici dell\u2019ufficio di zona della Coldiretti offre un quadro desolante. Al momento le zone di Terracina pi\u00f9 colpite risultano essere le localit\u00e0 che si affacciano lungo le Migliare 57 e 58, lungo la statale Appia, Guardiola, Borgo Hermada, Lungo Sisto, via Sanguigna. La furia del vento non ha risparmiato nemmeno la zona di San Vito, nel comune di San Felice Circeo. La tromba d\u2019aria ha colpito a macchia di leopardo, in queste ore la mappa dei territori coinvolti sar\u00e0 completata con l\u2019aggiunta delle altre localit\u00e0. \u201cStiamo consegnando ai nostri soci i moduli per certificare i danni subiti. Le singole pratiche saranno poi consegnate al Comune che, a sua volta, si attiver\u00e0 per girarle all\u2019Area Decentrata Agricoltura e alla Regione Lazio. \u201cQuesta ulteriore batosta \u2013 dice il presidente della federazione provinciale Coldiretti, Carlo Crocetti \u2013 proprio non ci voleva, ma dobbiamo reagire, adempiendo subito alle procedure amministrative per metterci nelle condizioni di poter accedere agli eventuali indennizzi\u201d.<\/p>\n","protected":false},"excerpt":{"rendered":"<p>LATINA &#8211; Un sospiro di sollievo per gli agricoltori del Lazio. E&#8217; di oggi la notizia che il Mipaf ha riconosciuto i danni per le gelate dello scorso aprile. L&#8217;elenco comprende Aprilia, Cisterna di Latina, Cori, Fondi, Latina, Pontinia, Priverno, Roccagorga, Roccasecca dei Volsci, Sabaudia, Sermoneta, Sezze e Terracina; \u201cSono davvero soddisfatto per l\u2019approvazione da [&hellip;]<\/p>\n","protected":false},"author":62,"featured_media":206878,"comment_status":"open","ping_status":"closed","sticky":false,"template":"","format":"standard","meta":{"footnotes":""},"categories":[11],"tags":[],"class_list":["post-206877","post","type-post","status-publish","format-standard","has-post-thumbnail","hentry","category-economia"],"_links":{"self":[{"href":"https:\/\/www.radioluna.it\/news\/wp-json\/wp\/v2\/posts\/206877","targetHints":{"allow":["GET"]}}],"collection":[{"href":"https:\/\/www.radioluna.it\/news\/wp-json\/wp\/v2\/posts"}],"about":[{"href":"https:\/\/www.radioluna.it\/news\/wp-json\/wp\/v2\/types\/post"}],"author":[{"embeddable":true,"href":"https:\/\/www.radioluna.it\/news\/wp-json\/wp\/v2\/users\/62"}],"replies":[{"embeddable":true,"href":"https:\/\/www.radioluna.it\/news\/wp-json\/wp\/v2\/comments?post=206877"}],"version-history":[{"count":0,"href":"https:\/\/www.radioluna.it\/news\/wp-json\/wp\/v2\/posts\/206877\/revisions"}],"wp:featuredmedia":[{"embeddable":true,"href":"https:\/\/www.radioluna.it\/news\/wp-json\/wp\/v2\/media\/206878"}],"wp:attachment":[{"href":"https:\/\/www.radioluna.it\/news\/wp-json\/wp\/v2\/media?parent=206877"}],"wp:term":[{"taxonomy":"category","embeddable":true,"href":"https:\/\/www.radioluna.it\/news\/wp-json\/wp\/v2\/categories?post=206877"},{"taxonomy":"post_tag","embeddable":true,"href":"https:\/\/www.radioluna.it\/news\/wp-json\/wp\/v2\/tags?post=206877"}],"curies":[{"name":"wp","href":"https:\/\/api.w.org\/{rel}","templated":true}]}}