{"id":206978,"date":"2017-11-08T14:18:34","date_gmt":"2017-11-08T13:18:34","guid":{"rendered":"http:\/\/www.radioluna.it\/news\/?p=206978"},"modified":"2017-11-08T16:59:08","modified_gmt":"2017-11-08T15:59:08","slug":"torna-contemporanea-la-rassegna-di-pernarella-che-guarda-agli-under-35","status":"publish","type":"post","link":"https:\/\/www.radioluna.it\/news\/2017\/11\/torna-contemporanea-la-rassegna-di-pernarella-che-guarda-agli-under-35\/","title":{"rendered":"Torna Contemporanea, la rassegna di Pernarella che guarda agli under 35"},"content":{"rendered":"<div id=\"fb-root\"><\/div>\n<p><img loading=\"lazy\" decoding=\"async\" class=\"aligncenter size-thumbnail wp-image-206979\" src=\"http:\/\/www.radioluna.it\/news\/wp-content\/uploads\/2017\/11\/maschere-689x394.jpg\" alt=\"\" width=\"689\" height=\"394\" srcset=\"https:\/\/www.radioluna.it\/news\/wp-content\/uploads\/2017\/11\/maschere-689x394.jpg 689w, https:\/\/www.radioluna.it\/news\/wp-content\/uploads\/2017\/11\/maschere-300x172.jpg 300w, https:\/\/www.radioluna.it\/news\/wp-content\/uploads\/2017\/11\/maschere-500x286.jpg 500w, https:\/\/www.radioluna.it\/news\/wp-content\/uploads\/2017\/11\/maschere.jpg 703w\" sizes=\"auto, (max-width: 689px) 100vw, 689px\" \/><\/p>\n<p style=\"text-align: justify;\"><strong>LATINA<\/strong> &#8211; In trasferta obbligata dal Cafaro (chiuso) al Ponchielli, con posti contingentati, ma viva e vegeta. E piena di idee. Torna a Latina a partire da sabato prossimo (11 novembre) Contemporanea, la rassegna di teatro Off Contemporaneo curata da Clemente Pernarella. &#8220;Non ho paura del contemporaneo, il teatro \u00e8 contemporaneo e accettiamo volentieri la sfida di chi \u00e8 diffidente&#8221;, spiega il regista.<\/p>\n<p style=\"text-align: justify;\">Sei i titoli per raccontare autori, registi e attori che meglio rappresentano la scena emergente nazionale. Con un salto nel futuro. &#8220;L\u2019attenzione\u00a0 &#8211; aggiunge Pernarella &#8211; \u00e8 massima \u00e8 verso i giovani e si muove dalla constatazione della necessit\u00e0 di parlare ad un pubblico che ha bisogno di essere messo in relazione con l\u2019esterno, con le tendenze e con un diverso e pi\u00f9 attuale consumo di cultura.<\/p>\n<p><strong>ASCOLTA\u00a0<\/strong><\/p>\n<audio class=\"wp-audio-shortcode\" id=\"audio-206978-1\" preload=\"none\" style=\"width: 100%;\" controls=\"controls\"><source type=\"audio\/mpeg\" src=\"http:\/\/www.radioluna.it\/news\/wp-content\/uploads\/2017\/11\/clemente-contemporanea.mp3-per-sito.mp3?_=1\" \/><a href=\"http:\/\/www.radioluna.it\/news\/wp-content\/uploads\/2017\/11\/clemente-contemporanea.mp3-per-sito.mp3\">http:\/\/www.radioluna.it\/news\/wp-content\/uploads\/2017\/11\/clemente-contemporanea.mp3-per-sito.mp3<\/a><\/audio>\n<p><strong>IL CARTELLONE<\/strong> &#8211; Si parte con un titolo importante \u201cAspettando Godot\u201d di Samuel Beckett regia di Alessandro Averone. Pi\u00f9 volte diretto come attore da Peter Stein si cimenta ora felicemente con un classico affidandolo ad un gruppo di attori straordinari. Lo spettacolo da poco programmato al Teatro Elfo Puccini di Milano apre la rassegna al Teatro Ponchielli.<\/p>\n<p style=\"text-align: justify;\">Si prosegue il 30 novembre con \u201cAccabadora\u201d dal romanzo di Michela Murgia, premio Campiello nel 2010. La regia \u00e8 di Veronica Cruciani. Lo spettacolo in stagione con il Teatro di Roma sar\u00e0 all\u2019India a marzo. Una storia intensamente interpretata da Monica Piseddu. Il terzo appuntamento \u00e8 il 20 dicembre con \u201cE&#8217; bello vivere liberi\u201d la storia di Ondina Peteani, prima staffetta partigiana poi deportata ad Auschwitz; diretto ed interpretato da Marta Cuscun\u00e0 una delle voci pi\u00f9 originali del teatro italiano contemporaneo finalista del premio ubu 2016 come miglior performer ed attrice. Il 2018 vedr\u00e0 in sequenza altri tre titoli. A febbraio i la Compagnia partenopea Punta Corsara sar\u00e0 in scena con \u201c Io, mia moglie e il miracolo\u201dscritto e diretto da Gianni Vastarella, vincitore dell&#8217;edizione 2015 del Festival I TEATRI DEL SACRO. E&#8217; il racconto tratteggiato di un paese senza luogo e di relazioni che hanno perso l\u2019equilibrio. In questo paese, partiamo dalla storia di una famiglia: un marito, sua moglie e la presenza\/assenza della loro figlia. A sconvolgere famiglia e paese, arriva un guaritore che non professa nessuna religione ma che ha il dono, individuale e miracoloso, di riportare in vita oggetti e persone.<\/p>\n<p style=\"text-align: justify;\">A marzo andr\u00e0 in scena \u201cSulla morte senza esagerare\u201d del teatro dei Gordi, un collettivo vera rivelazione delle ultime stagioni teatrali nostrane che porter\u00e0 uno spettacolo semplice, dove su una panchina, armata solo di una piccola pianta grassa la morte, aspetta i suoi ospiti. Un fulgido esempio di come il teatro di figura possa essere utilizzato in modo tanto opportuno da attori ancora cos\u00ec giovani. Un teatro fatto di silenzi, di sguardi impalpabili, di movimenti impercettibili, di un rapporto calzante con le musiche e i suoni, che sottolineano ironicamente ogni personaggio in un impasto gustoso di pianto e riso.<\/p>\n<p style=\"text-align: justify;\">Ultimo appuntamento ad aprile con \u201cA Virginie\u201d scritto e diretto da Lucia Calamaro pluripremiata artista romana a cui il teatro di Roma ha dedicato una retrospettiva nel maggio scorso dal nome Ritratto d&#8217;artista e che con i suoi spettacoli , tra cui ricordiamo\u201cL&#8217; origine del mondo\u201d \u201cTumore. Uno spettacolo desolato\u201c e \u201cLa vita ferma\u201d ha rivoluzionato il panorama del teatro di ricerca italiano ed europeo.<\/p>\n<p>La rassegna \u00e8 realizzata dal Teatro Ragazzi di Latina in collaborazione con Lestra e supportata dalla Regione Lazio con il Patrocinio del Comune di Latina.<\/p>\n<div class=\"radio-posizionamento-telefono-in-articoli-dopo-il-contenuto-articolo radio-entity-placement\" id=\"radio-1192340749\"><div id=\"radio-4007779967\"><a href=\"https:\/\/www.simeoneceramiche.com\/\" aria-label=\"SIMEONE CERAMICHE GIF animata per radioluna_Tavola disegno 1 copia 2 (online-video-cutter.com)\"><img loading=\"lazy\" decoding=\"async\" src=\"https:\/\/www.radioluna.it\/news\/wp-content\/uploads\/2025\/05\/SIMEONE-CERAMICHE-GIF-animata-per-radioluna_Tavola-disegno-1-copia-2-online-video-cutter.com_.gif\" alt=\"\"  width=\"300\" height=\"250\"   \/><\/a><\/div><\/div>","protected":false},"excerpt":{"rendered":"<p>LATINA &#8211; In trasferta obbligata dal Cafaro (chiuso) al Ponchielli, con posti contingentati, ma viva e vegeta. E piena di idee. Torna a Latina a partire da sabato prossimo (11 novembre) Contemporanea, la rassegna di teatro Off Contemporaneo curata da Clemente Pernarella. &#8220;Non ho paura del contemporaneo, il teatro \u00e8 contemporaneo e accettiamo volentieri la [&hellip;]<\/p>\n","protected":false},"author":62,"featured_media":206979,"comment_status":"open","ping_status":"closed","sticky":false,"template":"","format":"standard","meta":{"footnotes":""},"categories":[16,2310,15],"tags":[],"class_list":["post-206978","post","type-post","status-publish","format-standard","has-post-thumbnail","hentry","category-appuntamenti","category-audio","category-cultura"],"_links":{"self":[{"href":"https:\/\/www.radioluna.it\/news\/wp-json\/wp\/v2\/posts\/206978","targetHints":{"allow":["GET"]}}],"collection":[{"href":"https:\/\/www.radioluna.it\/news\/wp-json\/wp\/v2\/posts"}],"about":[{"href":"https:\/\/www.radioluna.it\/news\/wp-json\/wp\/v2\/types\/post"}],"author":[{"embeddable":true,"href":"https:\/\/www.radioluna.it\/news\/wp-json\/wp\/v2\/users\/62"}],"replies":[{"embeddable":true,"href":"https:\/\/www.radioluna.it\/news\/wp-json\/wp\/v2\/comments?post=206978"}],"version-history":[{"count":0,"href":"https:\/\/www.radioluna.it\/news\/wp-json\/wp\/v2\/posts\/206978\/revisions"}],"wp:featuredmedia":[{"embeddable":true,"href":"https:\/\/www.radioluna.it\/news\/wp-json\/wp\/v2\/media\/206979"}],"wp:attachment":[{"href":"https:\/\/www.radioluna.it\/news\/wp-json\/wp\/v2\/media?parent=206978"}],"wp:term":[{"taxonomy":"category","embeddable":true,"href":"https:\/\/www.radioluna.it\/news\/wp-json\/wp\/v2\/categories?post=206978"},{"taxonomy":"post_tag","embeddable":true,"href":"https:\/\/www.radioluna.it\/news\/wp-json\/wp\/v2\/tags?post=206978"}],"curies":[{"name":"wp","href":"https:\/\/api.w.org\/{rel}","templated":true}]}}