{"id":207038,"date":"2017-11-09T16:03:02","date_gmt":"2017-11-09T15:03:02","guid":{"rendered":"http:\/\/www.radioluna.it\/news\/?p=207038"},"modified":"2017-11-12T18:13:15","modified_gmt":"2017-11-12T17:13:15","slug":"dimensionamento-scolastico-via-libera-della-giunta-allaccorpamento-di-volta-e-piazza-dante","status":"publish","type":"post","link":"https:\/\/www.radioluna.it\/news\/2017\/11\/dimensionamento-scolastico-via-libera-della-giunta-allaccorpamento-di-volta-e-piazza-dante\/","title":{"rendered":"Dimensionamento scolastico, via libera della giunta all&#8217;accorpamento di Volta e Piazza Dante"},"content":{"rendered":"<div id=\"fb-root\"><\/div>\n<div id=\"attachment_110311\" style=\"width: 391px\" class=\"wp-caption alignleft\"><img loading=\"lazy\" decoding=\"async\" aria-describedby=\"caption-attachment-110311\" class=\"wp-image-110311 size-full\" src=\"http:\/\/www.radioluna.it\/news\/wp-content\/uploads\/2011\/10\/volta.jpg\" alt=\"\" width=\"381\" height=\"257\" srcset=\"https:\/\/www.radioluna.it\/news\/wp-content\/uploads\/2011\/10\/volta.jpg 381w, https:\/\/www.radioluna.it\/news\/wp-content\/uploads\/2011\/10\/volta-300x202.jpg 300w\" sizes=\"auto, (max-width: 381px) 100vw, 381px\" \/><p id=\"caption-attachment-110311\" class=\"wp-caption-text\">L&#8217;Istituto Comprensivo &#8220;Alessandro Volta&#8221;<\/p><\/div>\n<p style=\"text-align: justify;\"><strong>LATINA<\/strong> &#8211; E&#8217; stato approvato questa mattina dalla giunta comunale di Latina il piano di dimensionamento scolastico gi\u00e0 discusso in commissione, che prevede l&#8217;accorpamento della scuola media Volta con le scuole dell&#8217;infanzia e primaria Montiani di Piazza Dante. Il Comune procede per la sua strada e ora il piano passer\u00e0 al vaglio della Provincia e della Regione.<\/p>\n<p style=\"text-align: justify;\">In una nota l&#8217;assessora alla cultura Antonella Di Muro torna a spiegare le ragioni che hanno spinto l&#8217;Ente a decidere per la strada che scontenta la Giovanni Cena (che conserva la primaria di Via Legnano e del De Amicis dei plessi Gionchetto, Pantanaccio e Via Ezio) e certamente spegne le speranze dei genitori che erano riusciti ad ottenere due sezioni di scuola secondaria nello storico plesso elementare di Piazza Dante. Risolve per\u00f2 una situazione penalizzante per un&#8217;unica scuola (la Volta) avviata verso la certa perdita di autonomia, con la primaria del Gionchetto non in grado di produrre utenza scolastica per il ciclo superiore.<\/p>\n<p style=\"text-align: justify;\">\u00a0&#8220;Tenuto conto delle Linee guida della Regione Lazio sulla programmazione della rete scolastica pubblicate di recente,\u00a0 trascorsi i 5 anni per determinare la stabilit\u00e0 del numero di alunni e del relativo organico docenti,\u00a0 tenuto conto dell\u2019analisi del territorio, della componente numerica e dei dati statistici delle iscrizioni oltre che dei pareri dei singoli Consigli d\u2019Istituto, l\u2019Amministrazione \u00e8 intervenuta sugli Istituti che hanno registrato le maggiori criticit\u00e0, ovvero i Comprensivi Volta e Cena&#8221;, dice Di Muro che spiega anche per quale motivo \u00e8 stata esclusa la soluzione che a prima vista sembrerebbe pi\u00f9 logica: l&#8217;abbinamento della scuola Volta con Via Tasso (oggi istituto comprensivo n.5) due plessi vicini geograficamente e con la stessa utenza, quella del popoloso quadrante cittadino che va dal Tribunale a piazza Moro comprendendo tutte le strade limitrofe. &#8220;L&#8217;accorpamento tra Tasso e Volta porterebbe a un\u00a0evidente sovradimensionamento (si sarebbe venuto infatti a creare un macro Istituto di 1.700 alunni)&#8221;. Si sarebbe prodotta anche la riduzione degli Istituti da 12 ad 11.<\/p>\n<p>LA DELIBERA &#8211;\u00a0<a href=\"http:\/\/www.radioluna.it\/news\/wp-content\/uploads\/2017\/11\/dimensionamento-scolastico.pdf\">dimensionamento scolastico<\/a><\/p>\n<p style=\"text-align: justify;\">Una decisione fortemente avversata dal dirigente della scuola Cena Luigi Orefice, che ha trovato sponda nell&#8217;opposizione in consiglio comunale. Sull\u2019argomento \u00e8 stata infatti presentata un\u2019interrogazione da discutere in question time: &#8220;L\u2019Assessorato all\u2019Istruzione risponder\u00e0 puntualmente e nella sede prevista&#8221;.<\/p>\n<p>&nbsp;<\/p>\n<p>&nbsp;<\/p>\n<p>&nbsp;<\/p>\n","protected":false},"excerpt":{"rendered":"<p>LATINA &#8211; E&#8217; stato approvato questa mattina dalla giunta comunale di Latina il piano di dimensionamento scolastico gi\u00e0 discusso in commissione, che prevede l&#8217;accorpamento della scuola media Volta con le scuole dell&#8217;infanzia e primaria Montiani di Piazza Dante. Il Comune procede per la sua strada e ora il piano passer\u00e0 al vaglio della Provincia e [&hellip;]<\/p>\n","protected":false},"author":62,"featured_media":110311,"comment_status":"open","ping_status":"closed","sticky":false,"template":"","format":"standard","meta":{"footnotes":""},"categories":[248],"tags":[],"class_list":["post-207038","post","type-post","status-publish","format-standard","has-post-thumbnail","hentry","category-istruzione"],"_links":{"self":[{"href":"https:\/\/www.radioluna.it\/news\/wp-json\/wp\/v2\/posts\/207038","targetHints":{"allow":["GET"]}}],"collection":[{"href":"https:\/\/www.radioluna.it\/news\/wp-json\/wp\/v2\/posts"}],"about":[{"href":"https:\/\/www.radioluna.it\/news\/wp-json\/wp\/v2\/types\/post"}],"author":[{"embeddable":true,"href":"https:\/\/www.radioluna.it\/news\/wp-json\/wp\/v2\/users\/62"}],"replies":[{"embeddable":true,"href":"https:\/\/www.radioluna.it\/news\/wp-json\/wp\/v2\/comments?post=207038"}],"version-history":[{"count":0,"href":"https:\/\/www.radioluna.it\/news\/wp-json\/wp\/v2\/posts\/207038\/revisions"}],"wp:featuredmedia":[{"embeddable":true,"href":"https:\/\/www.radioluna.it\/news\/wp-json\/wp\/v2\/media\/110311"}],"wp:attachment":[{"href":"https:\/\/www.radioluna.it\/news\/wp-json\/wp\/v2\/media?parent=207038"}],"wp:term":[{"taxonomy":"category","embeddable":true,"href":"https:\/\/www.radioluna.it\/news\/wp-json\/wp\/v2\/categories?post=207038"},{"taxonomy":"post_tag","embeddable":true,"href":"https:\/\/www.radioluna.it\/news\/wp-json\/wp\/v2\/tags?post=207038"}],"curies":[{"name":"wp","href":"https:\/\/api.w.org\/{rel}","templated":true}]}}