{"id":207093,"date":"2017-11-10T13:33:59","date_gmt":"2017-11-10T12:33:59","guid":{"rendered":"http:\/\/www.radioluna.it\/news\/?p=207093"},"modified":"2017-11-11T09:23:46","modified_gmt":"2017-11-11T08:23:46","slug":"il-no-dei-genitori-di-piazza-dante-allaccorpamento-con-la-volta-corteo-martedi","status":"publish","type":"post","link":"https:\/\/www.radioluna.it\/news\/2017\/11\/il-no-dei-genitori-di-piazza-dante-allaccorpamento-con-la-volta-corteo-martedi\/","title":{"rendered":"Il no dei genitori di Piazza Dante all&#8217;accorpamento con la Volta: corteo marted\u00ec"},"content":{"rendered":"<div id=\"fb-root\"><\/div>\n<p style=\"text-align: justify;\"><strong><img loading=\"lazy\" decoding=\"async\" class=\"aligncenter size-thumbnail wp-image-155176\" src=\"http:\/\/www.radioluna.it\/news\/wp-content\/uploads\/2014\/09\/Piazza-Dante-635x476.jpg\" alt=\"\" width=\"635\" height=\"476\" srcset=\"https:\/\/www.radioluna.it\/news\/wp-content\/uploads\/2014\/09\/Piazza-Dante-635x476.jpg 635w, https:\/\/www.radioluna.it\/news\/wp-content\/uploads\/2014\/09\/Piazza-Dante-768x576.jpg 768w, https:\/\/www.radioluna.it\/news\/wp-content\/uploads\/2014\/09\/Piazza-Dante.jpg 1024w, https:\/\/www.radioluna.it\/news\/wp-content\/uploads\/2014\/09\/Piazza-Dante-500x375.jpg 500w, https:\/\/www.radioluna.it\/news\/wp-content\/uploads\/2014\/09\/Piazza-Dante-300x225.jpg 300w, https:\/\/www.radioluna.it\/news\/wp-content\/uploads\/2014\/09\/Piazza-Dante-800x600.jpg 800w\" sizes=\"auto, (max-width: 635px) 100vw, 635px\" \/>LATINA<\/strong> &#8211;\u00a0I genitori di Piazza Dante manifesteranno contro il piano di dimensionamento scolastico varato dalla giunta comunale di Latina e che tocca gli istituti comprensivi Cena e Volta disponendo un diverso accorpamento con i plessi della primaria.\u00a0 In una nota a firma della Presidente del Consiglio d&#8217;Istituto della Giovanni Cena, Patrizia Liotta, si annuncia un&#8217;iniziativa di protesta pacifica\u00a0 che si terr\u00e0 marted\u00ec 14 novembre dalle 10 alle 12 con un corteo che dalla sede di Piazza Dante si muover\u00e0 per arrivare sotto la Provincia. I genitori degli alunni che frequentano il plesso hanno infatti scritto alla Presidente della Provincia e alla Regione Lazio per sottolineare che &#8220;respingono&#8221; il dimensionamento approvato nelle scorse ore e chiedono in sostanza di rivedere la decisione invocando problemi di continuit\u00e0 didattica.<\/p>\n<p>&nbsp;<\/p>\n","protected":false},"excerpt":{"rendered":"<p>LATINA &#8211;\u00a0I genitori di Piazza Dante manifesteranno contro il piano di dimensionamento scolastico varato dalla giunta comunale di Latina e che tocca gli istituti comprensivi Cena e Volta disponendo un diverso accorpamento con i plessi della primaria.\u00a0 In una nota a firma della Presidente del Consiglio d&#8217;Istituto della Giovanni Cena, Patrizia Liotta, si annuncia un&#8217;iniziativa [&hellip;]<\/p>\n","protected":false},"author":62,"featured_media":155176,"comment_status":"open","ping_status":"closed","sticky":false,"template":"","format":"standard","meta":{"footnotes":""},"categories":[248],"tags":[],"class_list":["post-207093","post","type-post","status-publish","format-standard","has-post-thumbnail","hentry","category-istruzione"],"_links":{"self":[{"href":"https:\/\/www.radioluna.it\/news\/wp-json\/wp\/v2\/posts\/207093","targetHints":{"allow":["GET"]}}],"collection":[{"href":"https:\/\/www.radioluna.it\/news\/wp-json\/wp\/v2\/posts"}],"about":[{"href":"https:\/\/www.radioluna.it\/news\/wp-json\/wp\/v2\/types\/post"}],"author":[{"embeddable":true,"href":"https:\/\/www.radioluna.it\/news\/wp-json\/wp\/v2\/users\/62"}],"replies":[{"embeddable":true,"href":"https:\/\/www.radioluna.it\/news\/wp-json\/wp\/v2\/comments?post=207093"}],"version-history":[{"count":0,"href":"https:\/\/www.radioluna.it\/news\/wp-json\/wp\/v2\/posts\/207093\/revisions"}],"wp:featuredmedia":[{"embeddable":true,"href":"https:\/\/www.radioluna.it\/news\/wp-json\/wp\/v2\/media\/155176"}],"wp:attachment":[{"href":"https:\/\/www.radioluna.it\/news\/wp-json\/wp\/v2\/media?parent=207093"}],"wp:term":[{"taxonomy":"category","embeddable":true,"href":"https:\/\/www.radioluna.it\/news\/wp-json\/wp\/v2\/categories?post=207093"},{"taxonomy":"post_tag","embeddable":true,"href":"https:\/\/www.radioluna.it\/news\/wp-json\/wp\/v2\/tags?post=207093"}],"curies":[{"name":"wp","href":"https:\/\/api.w.org\/{rel}","templated":true}]}}