{"id":207126,"date":"2017-11-11T09:18:45","date_gmt":"2017-11-11T08:18:45","guid":{"rendered":"http:\/\/www.radioluna.it\/news\/?p=207126"},"modified":"2017-11-11T12:54:01","modified_gmt":"2017-11-11T11:54:01","slug":"muore-in-ambulanza-la-procura-apre-uninchiesta-sul-decesso-di-una-29-enne","status":"publish","type":"post","link":"https:\/\/www.radioluna.it\/news\/2017\/11\/muore-in-ambulanza-la-procura-apre-uninchiesta-sul-decesso-di-una-29-enne\/","title":{"rendered":"Muore in ambulanza, la Procura apre un&#8217;inchiesta sul decesso di una 29 enne"},"content":{"rendered":"<div id=\"fb-root\"><\/div>\n<div id=\"attachment_207127\" style=\"width: 605px\" class=\"wp-caption aligncenter\"><img loading=\"lazy\" decoding=\"async\" aria-describedby=\"caption-attachment-207127\" class=\"wp-image-207127 size-full\" src=\"http:\/\/www.radioluna.it\/news\/wp-content\/uploads\/2017\/11\/valeria.jpg\" alt=\"\" width=\"595\" height=\"595\" srcset=\"https:\/\/www.radioluna.it\/news\/wp-content\/uploads\/2017\/11\/valeria.jpg 595w, https:\/\/www.radioluna.it\/news\/wp-content\/uploads\/2017\/11\/valeria-300x300.jpg 300w, https:\/\/www.radioluna.it\/news\/wp-content\/uploads\/2017\/11\/valeria-500x500.jpg 500w, https:\/\/www.radioluna.it\/news\/wp-content\/uploads\/2017\/11\/valeria-150x150.jpg 150w, https:\/\/www.radioluna.it\/news\/wp-content\/uploads\/2017\/11\/valeria-50x50.jpg 50w\" sizes=\"auto, (max-width: 595px) 100vw, 595px\" \/><p id=\"caption-attachment-207127\" class=\"wp-caption-text\">La foto di Valeria \u00e8 tratta dal profilo Facebook della ragazza<\/p><\/div>\n<p style=\"text-align: justify;\"><strong>FONDI<\/strong> &#8211;\u00a0Una ragazza di 29 anni di Fondi \u00e8 morta nella notte di ieri mentre in ambulanza veniva trasportata dall&#8217;ospedale San Giovanni Di Dio di Fondi al Fiorini di Terracina per eseguire una tac.<\/p>\n<p style=\"text-align: justify;\">Valeria L&#8217;Amante \u00e8 morta cos\u00ec, improvvisamente e tragicamente. Da quanto si apprende si era sentita male nel pomeriggio, avvertendo forti dolori e subito i familiari avevano chiamato i soccorsi; in ambulanza la giovane era arrivata nell&#8217;ospedale della sua citt\u00e0, dopo erano cominciati i primi esami, quindi vista la gravit\u00e0 della situazione ne era stato disposto il trasferimento a Terracina\u00a0 \u00a0per eseguire un esame pi\u00f9 approfondito, ma al Fiorini non \u00e8 arrivata viva. I familiari chiedono ora di sapere che cosa \u00e8 accaduto. La Procura della Repubblica di Latina ha aperto un&#8217;inchiesta e sul corpo della giovane sar\u00e0 eseguita l&#8217;autopsia.<\/p>\n<p style=\"text-align: justify;\">Intanto la Regione Lazio &#8220;appena avuto notizie dell\u2019evento da parte dell\u2019Asl di Latina \u2013 si legge in una nota &#8211; ha avviato un&#8217; indagine interna per fare chiarezza sulle cause che hanno provocato il decesso.\u00a0 La Direzione regionale salute ha gi\u00e0 richiesto alla direzione della Asl pontina e all\u2019Ares 118\u00a0 una dettagliata relazione sui fatti e audit clinico per capire se sono state seguite tutte le procedure del caso e adottate le misure pi\u00f9 appropriate\u201d.<\/p>\n<p>&nbsp;<\/p>\n<div class=\"radio-posizionamento-telefono-in-articoli-dopo-il-contenuto-articolo radio-entity-placement\" id=\"radio-2041221027\"><div id=\"radio-2780180409\"><a href=\"https:\/\/www.simeoneceramiche.com\/\" aria-label=\"SIMEONE CERAMICHE GIF animata per radioluna_Tavola disegno 1 copia 2 (online-video-cutter.com)\"><img loading=\"lazy\" decoding=\"async\" src=\"https:\/\/www.radioluna.it\/news\/wp-content\/uploads\/2025\/05\/SIMEONE-CERAMICHE-GIF-animata-per-radioluna_Tavola-disegno-1-copia-2-online-video-cutter.com_.gif\" alt=\"\"  width=\"300\" height=\"250\"   \/><\/a><\/div><\/div>","protected":false},"excerpt":{"rendered":"<p>FONDI &#8211;\u00a0Una ragazza di 29 anni di Fondi \u00e8 morta nella notte di ieri mentre in ambulanza veniva trasportata dall&#8217;ospedale San Giovanni Di Dio di Fondi al Fiorini di Terracina per eseguire una tac. Valeria L&#8217;Amante \u00e8 morta cos\u00ec, improvvisamente e tragicamente. Da quanto si apprende si era sentita male nel pomeriggio, avvertendo forti dolori [&hellip;]<\/p>\n","protected":false},"author":62,"featured_media":207128,"comment_status":"open","ping_status":"closed","sticky":false,"template":"","format":"standard","meta":{"footnotes":""},"categories":[7],"tags":[],"class_list":["post-207126","post","type-post","status-publish","format-standard","has-post-thumbnail","hentry","category-cronaca"],"_links":{"self":[{"href":"https:\/\/www.radioluna.it\/news\/wp-json\/wp\/v2\/posts\/207126","targetHints":{"allow":["GET"]}}],"collection":[{"href":"https:\/\/www.radioluna.it\/news\/wp-json\/wp\/v2\/posts"}],"about":[{"href":"https:\/\/www.radioluna.it\/news\/wp-json\/wp\/v2\/types\/post"}],"author":[{"embeddable":true,"href":"https:\/\/www.radioluna.it\/news\/wp-json\/wp\/v2\/users\/62"}],"replies":[{"embeddable":true,"href":"https:\/\/www.radioluna.it\/news\/wp-json\/wp\/v2\/comments?post=207126"}],"version-history":[{"count":0,"href":"https:\/\/www.radioluna.it\/news\/wp-json\/wp\/v2\/posts\/207126\/revisions"}],"wp:featuredmedia":[{"embeddable":true,"href":"https:\/\/www.radioluna.it\/news\/wp-json\/wp\/v2\/media\/207128"}],"wp:attachment":[{"href":"https:\/\/www.radioluna.it\/news\/wp-json\/wp\/v2\/media?parent=207126"}],"wp:term":[{"taxonomy":"category","embeddable":true,"href":"https:\/\/www.radioluna.it\/news\/wp-json\/wp\/v2\/categories?post=207126"},{"taxonomy":"post_tag","embeddable":true,"href":"https:\/\/www.radioluna.it\/news\/wp-json\/wp\/v2\/tags?post=207126"}],"curies":[{"name":"wp","href":"https:\/\/api.w.org\/{rel}","templated":true}]}}