{"id":207145,"date":"2017-11-11T12:48:31","date_gmt":"2017-11-11T11:48:31","guid":{"rendered":"http:\/\/www.radioluna.it\/news\/?p=207145"},"modified":"2021-08-05T07:21:31","modified_gmt":"2021-08-05T05:21:31","slug":"pennacchi-sul-calcio-in-citta-latina-razzista-ha-abbandonato-la-squadra-perche-maietta-e-nero-e-cha-cha-zingaro","status":"publish","type":"post","link":"https:\/\/www.radioluna.it\/news\/2017\/11\/pennacchi-sul-calcio-in-citta-latina-razzista-ha-abbandonato-la-squadra-perche-maietta-e-nero-e-cha-cha-zingaro\/","title":{"rendered":"Pennacchi sul calcio in citt\u00e0: &#8220;Latina razzista ha abbandonato la squadra perch\u00e9 Maietta \u00e8 nero e Cha Cha zingaro&#8221;"},"content":{"rendered":"<div id=\"fb-root\"><\/div>\n<p style=\"text-align: justify;\"><strong>LATINA<\/strong> &#8211; &#8220;Non mi piace quello che ha detto quel signore&#8230; negro qui, negro l\u00e0&#8230; io e i miei figli non abbiamo mai avuto problemi a Latina, nessuno ci ha mai discriminato&#8221;. Il centrocampista uruguayano\u00a0 del Latina Ruben Olivera (ora nella rosa di mister Andrea Chiappini, ma nerazzurro anche quando la squadra era in serie B) conclude cos\u00ec l&#8217;incontro sul tema &#8220;Il calcio in citt\u00e0&#8221;, promosso dal Festival della Narrazione Potere alle Storie.<\/p>\n<p style=\"text-align: justify;\">Al Circolo Cittadino dove si sono riuniti per dibattere Vincenzo D&#8217;Amico, ex calciatore e oggi commentatore sportivo, cresciuto a Latina e reso celebre dalla maglia della Lazio;\u00a0 l&#8217;ex portiere e musicista Tony Montecalvo;\u00a0 il sindaco ex calciatore Damiano Coletta, e poi\u00a0 Franco Morano ex calciatore e, allenatore e il giornalista sportivo Renato Di Bella,\u00a0 moderati da Vittorio Buongiorno sotto il coordinamento di Graziano Lanzidei, le facce si fanno ogni minuto\u00a0 pi\u00f9 perplesse. Il signore a cui si riferisce il calciatore, infatti, non \u00e8 uno qualunque, \u00e8 lo scrittore Antonio Pennacchi, che ha parlato poco prima, azzardando una teoria che gli \u00e8 costata il dissenso del pubblico presente. Ma lui \u00e8 cos\u00ec, ha bisogno di stupire, Pennacchi.<\/p>\n<p style=\"text-align: justify;\">Il succo della sua teoria sul calcio in citt\u00e0 \u00e8 il seguente: il Latina \u00e8 scomparso come societ\u00e0 senza che la citt\u00e0 che conta lo difendesse, perch\u00e9 siamo razzisti. &#8220;Il calcio \u00e8 il principale fattore di integrazione sociale, nel calcio c&#8217;\u00e8 tutto il bene e tutto il male della societ\u00e0 e tutti i sindaci difendono le proprie squadre. Io non vorrei\u00a0 &#8211; dice Pennacchi &#8211; che l&#8217;attacco alla societ\u00e0, la retrocessione e la chiusura\u00a0 \u00e8 stata accettata ben volentieri dall&#8217;estabilishment cittadino perch\u00e9 l&#8217;ex presidente del Latina Calcio, Pasquale Maietta \u00e8 da sempre &#8220;il negro&#8221; (la parola usata \u00e8 citazione testuale ndr) e perch\u00e9 Cha Cha (che allo stadio era padrone di casa ndr) \u00e8 zingaro (e anche qui la citazione \u00e8 testuale). Non vorrei che ci fosse dietro un pregiudizio razzista&#8221;.\u00a0\u00a0Pennacchi lo afferma (preparandosi a scrivere un libro sugli anni 60-70-80) forse dimenticando che Maietta tanto discriminato non deve essere stato, dal momento che \u00e8 Deputato della Repubblica di FdI eletto proprio nel collegio di Latina e prima ancora assessore al bilancio della giunta Di Giorgi; e che Cha Cha, pi\u00f9 che essere discriminato per le sue origini, \u00e8 in carcere condannato per associazione a delinquere.<\/p>\n<p style=\"text-align: justify;\">La teoria di Pennacchi \u00e8 pi\u00f9 articolata e quindi per correttezza l&#8217; abbiamo registrata e resa disponibile ai nostri lettori.<\/p>\n<p><strong>ASCOLTA<\/strong><\/p>\n<audio class=\"wp-audio-shortcode\" id=\"audio-207145-1\" preload=\"none\" style=\"width: 100%;\" controls=\"controls\"><source type=\"audio\/mpeg\" src=\"https:\/\/www.radioluna.it\/news\/wp-content\/uploads\/2017\/11\/pennacchi-tagliata-per-sito.mp3?_=1\" \/><a href=\"https:\/\/www.radioluna.it\/news\/wp-content\/uploads\/2017\/11\/pennacchi-tagliata-per-sito.mp3\">https:\/\/www.radioluna.it\/news\/wp-content\/uploads\/2017\/11\/pennacchi-tagliata-per-sito.mp3<\/a><\/audio>\n<div class=\"radio-posizionamento-telefono-in-articoli-dopo-il-contenuto-articolo radio-entity-placement\" id=\"radio-881520305\"><div id=\"radio-2142482664\" style=\"width: 300px;height: 250px;\"><a href=\"https:\/\/www.icarspa.it\/auto\/usate\/latina\/\" aria-label=\"banner aprile icar new life &#8211; auto usate latina\"><img loading=\"lazy\" decoding=\"async\" src=\"https:\/\/www.radioluna.it\/news\/wp-content\/uploads\/2026\/02\/banner-aprile-icar-new-life-auto-usate-latina.gif\" alt=\"\"  width=\"300\" height=\"250\"   \/><\/a><\/div><\/div>","protected":false},"excerpt":{"rendered":"<p>LATINA &#8211; &#8220;Non mi piace quello che ha detto quel signore&#8230; negro qui, negro l\u00e0&#8230; io e i miei figli non abbiamo mai avuto problemi a Latina, nessuno ci ha mai discriminato&#8221;. Il centrocampista uruguayano\u00a0 del Latina Ruben Olivera (ora nella rosa di mister Andrea Chiappini, ma nerazzurro anche quando la squadra era in serie [&hellip;]<\/p>\n","protected":false},"author":62,"featured_media":207148,"comment_status":"open","ping_status":"closed","sticky":false,"template":"","format":"standard","meta":{"footnotes":""},"categories":[2310],"tags":[],"class_list":["post-207145","post","type-post","status-publish","format-standard","has-post-thumbnail","hentry","category-audio"],"_links":{"self":[{"href":"https:\/\/www.radioluna.it\/news\/wp-json\/wp\/v2\/posts\/207145","targetHints":{"allow":["GET"]}}],"collection":[{"href":"https:\/\/www.radioluna.it\/news\/wp-json\/wp\/v2\/posts"}],"about":[{"href":"https:\/\/www.radioluna.it\/news\/wp-json\/wp\/v2\/types\/post"}],"author":[{"embeddable":true,"href":"https:\/\/www.radioluna.it\/news\/wp-json\/wp\/v2\/users\/62"}],"replies":[{"embeddable":true,"href":"https:\/\/www.radioluna.it\/news\/wp-json\/wp\/v2\/comments?post=207145"}],"version-history":[{"count":0,"href":"https:\/\/www.radioluna.it\/news\/wp-json\/wp\/v2\/posts\/207145\/revisions"}],"wp:featuredmedia":[{"embeddable":true,"href":"https:\/\/www.radioluna.it\/news\/wp-json\/wp\/v2\/media\/207148"}],"wp:attachment":[{"href":"https:\/\/www.radioluna.it\/news\/wp-json\/wp\/v2\/media?parent=207145"}],"wp:term":[{"taxonomy":"category","embeddable":true,"href":"https:\/\/www.radioluna.it\/news\/wp-json\/wp\/v2\/categories?post=207145"},{"taxonomy":"post_tag","embeddable":true,"href":"https:\/\/www.radioluna.it\/news\/wp-json\/wp\/v2\/tags?post=207145"}],"curies":[{"name":"wp","href":"https:\/\/api.w.org\/{rel}","templated":true}]}}