{"id":207158,"date":"2017-11-11T13:27:02","date_gmt":"2017-11-11T12:27:02","guid":{"rendered":"http:\/\/www.radioluna.it\/news\/?p=207158"},"modified":"2017-11-11T13:51:06","modified_gmt":"2017-11-11T12:51:06","slug":"cristina-leggio-eletta-nel-cda-di-tecla-opportunita-importante-per-potenziare-la-nostra-capacita-di-progettare-per-bandi-europei","status":"publish","type":"post","link":"https:\/\/www.radioluna.it\/news\/2017\/11\/cristina-leggio-eletta-nel-cda-di-tecla-opportunita-importante-per-potenziare-la-nostra-capacita-di-progettare-per-bandi-europei\/","title":{"rendered":"Cristina Leggio eletta nel cda di Tecla: \u00abOpportunit\u00e0 importante per progetti europei\u00bb"},"content":{"rendered":"<div id=\"fb-root\"><\/div>\n<div id=\"attachment_182790\" style=\"width: 244px\" class=\"wp-caption alignleft\"><img loading=\"lazy\" decoding=\"async\" aria-describedby=\"caption-attachment-182790\" class=\"size-full wp-image-182790\" src=\"http:\/\/www.radioluna.it\/news\/wp-content\/uploads\/2016\/09\/cristina-leggio.jpg\" alt=\"\" width=\"234\" height=\"312\" srcset=\"https:\/\/www.radioluna.it\/news\/wp-content\/uploads\/2016\/09\/cristina-leggio.jpg 234w, https:\/\/www.radioluna.it\/news\/wp-content\/uploads\/2016\/09\/cristina-leggio-225x300.jpg 225w\" sizes=\"auto, (max-width: 234px) 100vw, 234px\" \/><p id=\"caption-attachment-182790\" class=\"wp-caption-text\">L&#8217;assessore Cristina Leggio<\/p><\/div>\n<p style=\"text-align: justify;\"><strong>LATINA<\/strong> &#8211;\u00a0L\u2019Assessora alla Citt\u00e0 internazionale e Politiche giovanili Cristina Leggio (che sar\u00e0 ospite della prossima puntata de Le Cose in Comune su Radio Luna, mercoled\u00ec 15 novembre dalle 8,15) \u00e8 stata eletta nel Consiglio d\u2019Amministrazione di Tecla, l\u2019associazione per la Cooperazione Transregionale Locale ed Europea. Un importante riconoscimento da parte dei membri dell&#8217;organismo che ha lo scopo quello di fornire assistenza e accompagnamento in materia di pianificazione e accesso alle opportunit\u00e0 di finanziamento europee, promuovere processi di internazionalizzazione dei territori, e, in una, di diffondere la cultura e i valori dell\u2019Europa unita.<\/p>\n<p style=\"text-align: justify;\">\u00abSono contenta di poter contribuire alla crescita di un\u2019associazione della quale il nostro Comune \u00e8 socio e con la quale condivide un percorso. Come Amministrazione \u2013 commenta l\u2019Assessora \u2013 ci stiamo impegnando per implementare la nostra capacit\u00e0 di progettazione nell\u2019ambito di programmi di finanziamento nazionali ed europei. Se l\u2019associazione crescer\u00e0 nella sua capacit\u00e0 di rispondere in modo sempre pi\u00f9 puntuale alle esigenze degli enti che la compongono, questo non potr\u00e0 che avere effetti benefici anche nella nostra realt\u00e0. Credo quindi che la presenza del Comune di Latina all\u2019interno del cda della Tecla sia un\u2019opportunit\u00e0 importante per l\u2019intero territorio\u00bb.<\/p>\n<p style=\"text-align: justify;\">\u00abIl riconoscimento del ruolo di Latina all\u2019interno dell\u2019associazione \u2013 sottolinea Leggio &#8211; va di pari passo con la scelta operata dall\u2019Amministrazione e dal Sindaco di creare uno specifico assessorato che si dedicasse alla programmazione europea e ai processi di internazionalizzazione. In un momento in cui le risorse destinate ai Comuni sono sempre pi\u00f9 limitate riteniamo fondamentale guardare all\u2019Europa per realizzare progetti strategici e migliorare i servizi sul nostro territorio. Ci auguriamo che questa occasione ci permetta di farlo al meglio\u00bb.<\/p>\n<p>&nbsp;<\/p>\n<p>&nbsp;<\/p>\n<p>&nbsp;<\/p>\n<p>&nbsp;<\/p>\n<p>&nbsp;<\/p>\n<p>&nbsp;<\/p>\n<div class=\"radio-posizionamento-telefono-in-articoli-dopo-il-contenuto-articolo radio-entity-placement\" id=\"radio-3180188826\"><div id=\"radio-1597576400\"><a href=\"https:\/\/grupporedi.it\/\" aria-label=\"Redi-Qr\"><img loading=\"lazy\" decoding=\"async\" src=\"https:\/\/www.radioluna.it\/news\/wp-content\/uploads\/2026\/03\/Redi-Qr.jpg\" alt=\"\"  srcset=\"https:\/\/www.radioluna.it\/news\/wp-content\/uploads\/2026\/03\/Redi-Qr.jpg 800w, https:\/\/www.radioluna.it\/news\/wp-content\/uploads\/2026\/03\/Redi-Qr-768x639.jpg 768w\" sizes=\"(max-width: 800px) 100vw, 800px\" width=\"300\" height=\"250\"   \/><\/a><\/div><\/div>","protected":false},"excerpt":{"rendered":"<p>LATINA &#8211;\u00a0L\u2019Assessora alla Citt\u00e0 internazionale e Politiche giovanili Cristina Leggio (che sar\u00e0 ospite della prossima puntata de Le Cose in Comune su Radio Luna, mercoled\u00ec 15 novembre dalle 8,15) \u00e8 stata eletta nel Consiglio d\u2019Amministrazione di Tecla, l\u2019associazione per la Cooperazione Transregionale Locale ed Europea. Un importante riconoscimento da parte dei membri dell&#8217;organismo che ha [&hellip;]<\/p>\n","protected":false},"author":62,"featured_media":184250,"comment_status":"open","ping_status":"closed","sticky":false,"template":"","format":"standard","meta":{"footnotes":""},"categories":[8],"tags":[],"class_list":["post-207158","post","type-post","status-publish","format-standard","has-post-thumbnail","hentry","category-politica"],"_links":{"self":[{"href":"https:\/\/www.radioluna.it\/news\/wp-json\/wp\/v2\/posts\/207158","targetHints":{"allow":["GET"]}}],"collection":[{"href":"https:\/\/www.radioluna.it\/news\/wp-json\/wp\/v2\/posts"}],"about":[{"href":"https:\/\/www.radioluna.it\/news\/wp-json\/wp\/v2\/types\/post"}],"author":[{"embeddable":true,"href":"https:\/\/www.radioluna.it\/news\/wp-json\/wp\/v2\/users\/62"}],"replies":[{"embeddable":true,"href":"https:\/\/www.radioluna.it\/news\/wp-json\/wp\/v2\/comments?post=207158"}],"version-history":[{"count":0,"href":"https:\/\/www.radioluna.it\/news\/wp-json\/wp\/v2\/posts\/207158\/revisions"}],"wp:featuredmedia":[{"embeddable":true,"href":"https:\/\/www.radioluna.it\/news\/wp-json\/wp\/v2\/media\/184250"}],"wp:attachment":[{"href":"https:\/\/www.radioluna.it\/news\/wp-json\/wp\/v2\/media?parent=207158"}],"wp:term":[{"taxonomy":"category","embeddable":true,"href":"https:\/\/www.radioluna.it\/news\/wp-json\/wp\/v2\/categories?post=207158"},{"taxonomy":"post_tag","embeddable":true,"href":"https:\/\/www.radioluna.it\/news\/wp-json\/wp\/v2\/tags?post=207158"}],"curies":[{"name":"wp","href":"https:\/\/api.w.org\/{rel}","templated":true}]}}