{"id":207170,"date":"2017-11-11T19:33:04","date_gmt":"2017-11-11T18:33:04","guid":{"rendered":"http:\/\/www.radioluna.it\/news\/?p=207170"},"modified":"2017-11-12T05:57:01","modified_gmt":"2017-11-12T04:57:01","slug":"itri-pedina-la-ex-e-la-minaccia-di-morte-arrestato","status":"publish","type":"post","link":"https:\/\/www.radioluna.it\/news\/2017\/11\/itri-pedina-la-ex-e-la-minaccia-di-morte-arrestato\/","title":{"rendered":"Itri, pedina la ex e la minaccia di morte: arrestato"},"content":{"rendered":"<div id=\"fb-root\"><\/div>\n<p><img loading=\"lazy\" decoding=\"async\" class=\"aligncenter wp-image-48026\" src=\"http:\/\/www.radioluna.it\/news\/wp-content\/uploads\/2010\/12\/stalking-2-300x199.jpg\" alt=\"\" width=\"689\" height=\"457\" srcset=\"https:\/\/www.radioluna.it\/news\/wp-content\/uploads\/2010\/12\/stalking-2-300x199.jpg 300w, https:\/\/www.radioluna.it\/news\/wp-content\/uploads\/2010\/12\/stalking-2.jpg 473w\" sizes=\"auto, (max-width: 689px) 100vw, 689px\" \/><\/p>\n<p style=\"text-align: justify;\"><strong>FONDI &#8211;<\/strong> Ha pedinato e ha minacciato di morte l&#8217;ex compagne mentre era insieme all&#8217;attuale compagno. E&#8217; successo questo mattina a Itri dove un uomo di 46 anni, un pregiudicato, \u00e8 stato fermato e arrestato dai carabinieri della stazione di Itri con l&#8217;accusa di stalking. In passato la donna averva presentato diverse denunce nei confronti dell&#8217;ex per atti pesecutori, il 46enne non si rassegnava alla fine della relazione e il suo comportamento \u00e8 diventato sempre pi\u00f9 ossessivo e minaccioso fino a questa mattina quando non \u00e8 scattato l&#8217;allarme e l&#8217;uomo \u00e8 finito in manette.<\/p>\n<div class=\"radio-posizionamento-telefono-in-articoli-dopo-il-contenuto-articolo radio-entity-placement\" id=\"radio-2387527192\"><div id=\"radio-1312036732\"><a href=\"https:\/\/grupporedi.it\/\" aria-label=\"Redi-Qr\"><img loading=\"lazy\" decoding=\"async\" src=\"https:\/\/www.radioluna.it\/news\/wp-content\/uploads\/2026\/03\/Redi-Qr.jpg\" alt=\"\"  srcset=\"https:\/\/www.radioluna.it\/news\/wp-content\/uploads\/2026\/03\/Redi-Qr.jpg 800w, https:\/\/www.radioluna.it\/news\/wp-content\/uploads\/2026\/03\/Redi-Qr-768x639.jpg 768w\" sizes=\"(max-width: 800px) 100vw, 800px\" width=\"300\" height=\"250\"   \/><\/a><\/div><\/div>","protected":false},"excerpt":{"rendered":"<p>FONDI &#8211; Ha pedinato e ha minacciato di morte l&#8217;ex compagne mentre era insieme all&#8217;attuale compagno. E&#8217; successo questo mattina a Itri dove un uomo di 46 anni, un pregiudicato, \u00e8 stato fermato e arrestato dai carabinieri della stazione di Itri con l&#8217;accusa di stalking. In passato la donna averva presentato diverse denunce nei confronti [&hellip;]<\/p>\n","protected":false},"author":60,"featured_media":48026,"comment_status":"open","ping_status":"closed","sticky":false,"template":"","format":"standard","meta":{"footnotes":""},"categories":[7],"tags":[],"class_list":["post-207170","post","type-post","status-publish","format-standard","has-post-thumbnail","hentry","category-cronaca"],"_links":{"self":[{"href":"https:\/\/www.radioluna.it\/news\/wp-json\/wp\/v2\/posts\/207170","targetHints":{"allow":["GET"]}}],"collection":[{"href":"https:\/\/www.radioluna.it\/news\/wp-json\/wp\/v2\/posts"}],"about":[{"href":"https:\/\/www.radioluna.it\/news\/wp-json\/wp\/v2\/types\/post"}],"author":[{"embeddable":true,"href":"https:\/\/www.radioluna.it\/news\/wp-json\/wp\/v2\/users\/60"}],"replies":[{"embeddable":true,"href":"https:\/\/www.radioluna.it\/news\/wp-json\/wp\/v2\/comments?post=207170"}],"version-history":[{"count":0,"href":"https:\/\/www.radioluna.it\/news\/wp-json\/wp\/v2\/posts\/207170\/revisions"}],"wp:featuredmedia":[{"embeddable":true,"href":"https:\/\/www.radioluna.it\/news\/wp-json\/wp\/v2\/media\/48026"}],"wp:attachment":[{"href":"https:\/\/www.radioluna.it\/news\/wp-json\/wp\/v2\/media?parent=207170"}],"wp:term":[{"taxonomy":"category","embeddable":true,"href":"https:\/\/www.radioluna.it\/news\/wp-json\/wp\/v2\/categories?post=207170"},{"taxonomy":"post_tag","embeddable":true,"href":"https:\/\/www.radioluna.it\/news\/wp-json\/wp\/v2\/tags?post=207170"}],"curies":[{"name":"wp","href":"https:\/\/api.w.org\/{rel}","templated":true}]}}