{"id":207281,"date":"2017-11-13T12:44:50","date_gmt":"2017-11-13T11:44:50","guid":{"rendered":"http:\/\/www.radioluna.it\/news\/?p=207281"},"modified":"2017-11-16T06:06:45","modified_gmt":"2017-11-16T05:06:45","slug":"tragedia-in-piazza-moro-uomo-si-toglie-la-vita-sparandosi","status":"publish","type":"post","link":"https:\/\/www.radioluna.it\/news\/2017\/11\/tragedia-in-piazza-moro-uomo-si-toglie-la-vita-sparandosi\/","title":{"rendered":"Tragedia in Piazza Moro, ragazzo di 24 anni si toglie la vita sparandosi"},"content":{"rendered":"<div id=\"fb-root\"><\/div>\n<p style=\"text-align: justify;\"><img loading=\"lazy\" decoding=\"async\" class=\"aligncenter size-thumbnail wp-image-207282\" src=\"http:\/\/www.radioluna.it\/news\/wp-content\/uploads\/2017\/11\/piazza-moto-carabinieri-689x387.jpg\" alt=\"\" width=\"689\" height=\"387\" srcset=\"https:\/\/www.radioluna.it\/news\/wp-content\/uploads\/2017\/11\/piazza-moto-carabinieri-689x387.jpg 689w, https:\/\/www.radioluna.it\/news\/wp-content\/uploads\/2017\/11\/piazza-moto-carabinieri-300x169.jpg 300w, https:\/\/www.radioluna.it\/news\/wp-content\/uploads\/2017\/11\/piazza-moto-carabinieri-768x432.jpg 768w, https:\/\/www.radioluna.it\/news\/wp-content\/uploads\/2017\/11\/piazza-moto-carabinieri-1024x576.jpg 1024w, https:\/\/www.radioluna.it\/news\/wp-content\/uploads\/2017\/11\/piazza-moto-carabinieri-500x281.jpg 500w, https:\/\/www.radioluna.it\/news\/wp-content\/uploads\/2017\/11\/piazza-moto-carabinieri-800x450.jpg 800w, https:\/\/www.radioluna.it\/news\/wp-content\/uploads\/2017\/11\/piazza-moto-carabinieri.jpg 1599w\" sizes=\"auto, (max-width: 689px) 100vw, 689px\" \/><strong>LATINA &#8211;<\/strong>\u00a0\u00a0Si \u00e8 tolto la vita in Piazza Moro, a bordo della sua auto,\u00a0 V.C. un ragazzo di 24 anni di Pontinia, \u00e8 stato trovato privo di vita a Latina, ucciso da con un colpo di pistola alla tempia sparato con una Glock regolarmente detenuta che sabato, uscendo da casa di sera, aveva preso con s\u00e9. La pistola era accanto al corpo. L&#8217;ipotesi pi\u00f9 accreditata \u00e8 appunto quella del suicidio, ma i carabinieri della scientifica hanno svolto i rilievi a bordo della Fiat Punto e sar\u00e0 ora il magistrato il Giuseppe Bontempo a disporre gli accertamenti necessari per chiarire con certezza quanto accaduto. Tra le ipotesi anche quella che il gesto sia stato compiuto domenica sera quando gi\u00e0 da diverse ore la famiglia lo cercava tentando invano di chiamarlo al cellulare, e avendo dato l&#8217;allarme ai carabinieri. Nel popoloso isolato di Piazza Moro, nessuno si era accorto di nulla fino all&#8217;arrivo dei militari dell&#8217;Arma intorno a mezzogiorno di luned\u00ec.<\/p>\n<p>&nbsp;<\/p>\n<p>&nbsp;<\/p>\n<div class=\"radio-posizionamento-telefono-in-articoli-dopo-il-contenuto-articolo radio-entity-placement\" id=\"radio-1502208920\"><div id=\"radio-378530507\"><a href=\"https:\/\/www.simeoneceramiche.com\/\" aria-label=\"SIMEONE CERAMICHE GIF animata per radioluna_Tavola disegno 1 copia 2 (online-video-cutter.com)\"><img loading=\"lazy\" decoding=\"async\" src=\"https:\/\/www.radioluna.it\/news\/wp-content\/uploads\/2025\/05\/SIMEONE-CERAMICHE-GIF-animata-per-radioluna_Tavola-disegno-1-copia-2-online-video-cutter.com_.gif\" alt=\"\"  width=\"300\" height=\"250\"   \/><\/a><\/div><\/div>","protected":false},"excerpt":{"rendered":"<p>LATINA &#8211;\u00a0\u00a0Si \u00e8 tolto la vita in Piazza Moro, a bordo della sua auto,\u00a0 V.C. un ragazzo di 24 anni di Pontinia, \u00e8 stato trovato privo di vita a Latina, ucciso da con un colpo di pistola alla tempia sparato con una Glock regolarmente detenuta che sabato, uscendo da casa di sera, aveva preso con [&hellip;]<\/p>\n","protected":false},"author":60,"featured_media":0,"comment_status":"open","ping_status":"closed","sticky":false,"template":"","format":"standard","meta":{"footnotes":""},"categories":[7],"tags":[],"class_list":["post-207281","post","type-post","status-publish","format-standard","hentry","category-cronaca"],"_links":{"self":[{"href":"https:\/\/www.radioluna.it\/news\/wp-json\/wp\/v2\/posts\/207281","targetHints":{"allow":["GET"]}}],"collection":[{"href":"https:\/\/www.radioluna.it\/news\/wp-json\/wp\/v2\/posts"}],"about":[{"href":"https:\/\/www.radioluna.it\/news\/wp-json\/wp\/v2\/types\/post"}],"author":[{"embeddable":true,"href":"https:\/\/www.radioluna.it\/news\/wp-json\/wp\/v2\/users\/60"}],"replies":[{"embeddable":true,"href":"https:\/\/www.radioluna.it\/news\/wp-json\/wp\/v2\/comments?post=207281"}],"version-history":[{"count":0,"href":"https:\/\/www.radioluna.it\/news\/wp-json\/wp\/v2\/posts\/207281\/revisions"}],"wp:attachment":[{"href":"https:\/\/www.radioluna.it\/news\/wp-json\/wp\/v2\/media?parent=207281"}],"wp:term":[{"taxonomy":"category","embeddable":true,"href":"https:\/\/www.radioluna.it\/news\/wp-json\/wp\/v2\/categories?post=207281"},{"taxonomy":"post_tag","embeddable":true,"href":"https:\/\/www.radioluna.it\/news\/wp-json\/wp\/v2\/tags?post=207281"}],"curies":[{"name":"wp","href":"https:\/\/api.w.org\/{rel}","templated":true}]}}