{"id":207338,"date":"2017-11-14T10:38:52","date_gmt":"2017-11-14T09:38:52","guid":{"rendered":"http:\/\/www.radioluna.it\/news\/?p=207338"},"modified":"2017-11-15T09:40:14","modified_gmt":"2017-11-15T08:40:14","slug":"dimensionamento-scolastico-il-chiassoso-corteo-di-piazza-dante-va-in-provincia","status":"publish","type":"post","link":"https:\/\/www.radioluna.it\/news\/2017\/11\/dimensionamento-scolastico-il-chiassoso-corteo-di-piazza-dante-va-in-provincia\/","title":{"rendered":"Dimensionamento scolastico, il chiassoso corteo di Piazza Dante va in Comune e in Provincia. Genitori ricevuti dal sindaco"},"content":{"rendered":"<div id=\"fb-root\"><\/div>\n<p><iframe loading=\"lazy\" title=\"Luna Notizie - La protesta di Piazza Dante\" width=\"740\" height=\"416\" src=\"https:\/\/www.youtube.com\/embed\/RCqGPsPi72Y?feature=oembed\" frameborder=\"0\" allow=\"accelerometer; autoplay; clipboard-write; encrypted-media; gyroscope; picture-in-picture; web-share\" referrerpolicy=\"strict-origin-when-cross-origin\" allowfullscreen><\/iframe><\/p>\n<p style=\"text-align: justify;\"><strong>LATINA<\/strong> &#8211; Genitori, insegnanti e i bambini delle due classi di scuola secondaria (media) e della primaria di Piazza Dante interessati al nuovo e avversato piano di dimensionamento scolastico approvato dal Comune di Latina sono partiti questa mattina da Piazza Dante, scortati dalle forze dell&#8217;ordine e sfidando la pioggia, per raggiungere il Comune e la Provincia dove oggi l&#8217;Assise discute l&#8217;argomento.<\/p>\n<p style=\"text-align: justify;\">Un nutrito corteo che \u00e8 la reazione dell&#8217;istituto comprensivo Giovanni Cena alle novit\u00e0 che il Comune ha introdotto: l&#8217;IC Cena perderebbe a vantaggio della Volta, lo storico plesso Montiani (primaria e infanzia) all&#8217;interno del quale ha avviato anche due classi di scuola media. Manterrebbe, Via Legnano, Col Di Latina e prenderebbe Gionchetto e Pantanaccio. I genitori contano sull&#8217;appoggio della Provincia e chiedono che il piano sia respinto. Ieri pomeriggio segnali a favore di questa tesi sono arrivati\u00a0 dalla commissione consiliare scuola della Provincia la cui maggioranza avrebbe gi\u00e0 detto no alle modifiche stralciando la proposta del Comune. Per sapere come andr\u00e0 a finire bisogner\u00e0 attendere la fine della mattinata.<\/p>\n<p style=\"text-align: justify;\">Intanto i genitori e i bambini si sono radunati sotto i portici del Comune dove sono stati ricevuti dal sindaco e dall&#8217;assessora alla scuola Antonella Di Muro ai quali hanno consegnato la raccolta delle firme, mentre la presidente del Consiglio d&#8217;Istituto Patrizia Liotta assister\u00e0 alla seduta del consiglio provinciale.<\/p>\n<p style=\"text-align: justify;\">Una sola nota:\u00a0 chiunque abbia ragione &#8211;\u00a0 se di ragione si tratta &#8211; resta la tristezza da parte degli adulti di aver ridotto una protesta sentita, una questione che interessa una grossa fetta dell&#8217;utenza scolastica della Cena e della Volta, e soprattutto un servizio primario per gli studenti e le famiglie, ad una stupida e diseducativa guerra tra due scuole con i bambini invitati a gridare &#8220;Chi non salta della Volta \u00e8&#8221;.<\/p>\n","protected":false},"excerpt":{"rendered":"<p>LATINA &#8211; Genitori, insegnanti e i bambini delle due classi di scuola secondaria (media) e della primaria di Piazza Dante interessati al nuovo e avversato piano di dimensionamento scolastico approvato dal Comune di Latina sono partiti questa mattina da Piazza Dante, scortati dalle forze dell&#8217;ordine e sfidando la pioggia, per raggiungere il Comune e la [&hellip;]<\/p>\n","protected":false},"author":62,"featured_media":207339,"comment_status":"open","ping_status":"closed","sticky":false,"template":"","format":"standard","meta":{"footnotes":""},"categories":[7,248,2312],"tags":[],"class_list":["post-207338","post","type-post","status-publish","format-standard","has-post-thumbnail","hentry","category-cronaca","category-istruzione","category-video"],"_links":{"self":[{"href":"https:\/\/www.radioluna.it\/news\/wp-json\/wp\/v2\/posts\/207338","targetHints":{"allow":["GET"]}}],"collection":[{"href":"https:\/\/www.radioluna.it\/news\/wp-json\/wp\/v2\/posts"}],"about":[{"href":"https:\/\/www.radioluna.it\/news\/wp-json\/wp\/v2\/types\/post"}],"author":[{"embeddable":true,"href":"https:\/\/www.radioluna.it\/news\/wp-json\/wp\/v2\/users\/62"}],"replies":[{"embeddable":true,"href":"https:\/\/www.radioluna.it\/news\/wp-json\/wp\/v2\/comments?post=207338"}],"version-history":[{"count":0,"href":"https:\/\/www.radioluna.it\/news\/wp-json\/wp\/v2\/posts\/207338\/revisions"}],"wp:featuredmedia":[{"embeddable":true,"href":"https:\/\/www.radioluna.it\/news\/wp-json\/wp\/v2\/media\/207339"}],"wp:attachment":[{"href":"https:\/\/www.radioluna.it\/news\/wp-json\/wp\/v2\/media?parent=207338"}],"wp:term":[{"taxonomy":"category","embeddable":true,"href":"https:\/\/www.radioluna.it\/news\/wp-json\/wp\/v2\/categories?post=207338"},{"taxonomy":"post_tag","embeddable":true,"href":"https:\/\/www.radioluna.it\/news\/wp-json\/wp\/v2\/tags?post=207338"}],"curies":[{"name":"wp","href":"https:\/\/api.w.org\/{rel}","templated":true}]}}