{"id":207371,"date":"2017-11-14T13:55:30","date_gmt":"2017-11-14T12:55:30","guid":{"rendered":"http:\/\/www.radioluna.it\/news\/?p=207371"},"modified":"2017-11-14T17:48:53","modified_gmt":"2017-11-14T16:48:53","slug":"albero-sulla-linea-dellalta-tensione-che-alimenta-la-roma-napoli","status":"publish","type":"post","link":"https:\/\/www.radioluna.it\/news\/2017\/11\/albero-sulla-linea-dellalta-tensione-che-alimenta-la-roma-napoli\/","title":{"rendered":"Albero sulla linea dell&#8217;alta tensione che alimenta la Roma-Napoli"},"content":{"rendered":"<div id=\"fb-root\"><\/div>\n<p style=\"text-align: justify;\"><img loading=\"lazy\" decoding=\"async\" class=\"aligncenter size-thumbnail wp-image-207372\" src=\"http:\/\/www.radioluna.it\/news\/wp-content\/uploads\/2017\/11\/albro-sulla-ferrovia-689x575.jpg\" alt=\"\" width=\"689\" height=\"575\" srcset=\"https:\/\/www.radioluna.it\/news\/wp-content\/uploads\/2017\/11\/albro-sulla-ferrovia-689x575.jpg 689w, https:\/\/www.radioluna.it\/news\/wp-content\/uploads\/2017\/11\/albro-sulla-ferrovia-300x251.jpg 300w, https:\/\/www.radioluna.it\/news\/wp-content\/uploads\/2017\/11\/albro-sulla-ferrovia-768x641.jpg 768w, https:\/\/www.radioluna.it\/news\/wp-content\/uploads\/2017\/11\/albro-sulla-ferrovia-1024x855.jpg 1024w, https:\/\/www.radioluna.it\/news\/wp-content\/uploads\/2017\/11\/albro-sulla-ferrovia-500x418.jpg 500w, https:\/\/www.radioluna.it\/news\/wp-content\/uploads\/2017\/11\/albro-sulla-ferrovia-800x668.jpg 800w, https:\/\/www.radioluna.it\/news\/wp-content\/uploads\/2017\/11\/albro-sulla-ferrovia.jpg 1400w\" sizes=\"auto, (max-width: 689px) 100vw, 689px\" \/>SEZZE &#8211;\u00a0I vigili del fuoco di Latina sono intervenuti oggi a Sezze in via Sicilia, per un albero caduto sulla linea ferroviaria Roma-Napoli. L&#8217;albero era crollato sulla linea di alta tensione che alimenta il tratto con pericolo per la circolazione dei treni.\u00a0 Con la collaborazione\u00a0 di Trenitalia il traffico ferroviario \u00e8 stato fermato per disattivare la tensione sulla linea, poi, l&#8217;albero \u00e8 stato rimosso non senza difficolt\u00e0.\u00a0La circolazione \u00e8 stata riattivata alle 11.40 dopo circa due ore dall&#8217;allarme lanciato da un cittadino al 115. I treni hanno sub\u00ecto ritardi fino a 90 minuti.<\/p>\n","protected":false},"excerpt":{"rendered":"<p>SEZZE &#8211;\u00a0I vigili del fuoco di Latina sono intervenuti oggi a Sezze in via Sicilia, per un albero caduto sulla linea ferroviaria Roma-Napoli. L&#8217;albero era crollato sulla linea di alta tensione che alimenta il tratto con pericolo per la circolazione dei treni.\u00a0 Con la collaborazione\u00a0 di Trenitalia il traffico ferroviario \u00e8 stato fermato per disattivare [&hellip;]<\/p>\n","protected":false},"author":62,"featured_media":207372,"comment_status":"open","ping_status":"closed","sticky":false,"template":"","format":"standard","meta":{"footnotes":""},"categories":[7],"tags":[],"class_list":["post-207371","post","type-post","status-publish","format-standard","has-post-thumbnail","hentry","category-cronaca"],"_links":{"self":[{"href":"https:\/\/www.radioluna.it\/news\/wp-json\/wp\/v2\/posts\/207371","targetHints":{"allow":["GET"]}}],"collection":[{"href":"https:\/\/www.radioluna.it\/news\/wp-json\/wp\/v2\/posts"}],"about":[{"href":"https:\/\/www.radioluna.it\/news\/wp-json\/wp\/v2\/types\/post"}],"author":[{"embeddable":true,"href":"https:\/\/www.radioluna.it\/news\/wp-json\/wp\/v2\/users\/62"}],"replies":[{"embeddable":true,"href":"https:\/\/www.radioluna.it\/news\/wp-json\/wp\/v2\/comments?post=207371"}],"version-history":[{"count":0,"href":"https:\/\/www.radioluna.it\/news\/wp-json\/wp\/v2\/posts\/207371\/revisions"}],"wp:featuredmedia":[{"embeddable":true,"href":"https:\/\/www.radioluna.it\/news\/wp-json\/wp\/v2\/media\/207372"}],"wp:attachment":[{"href":"https:\/\/www.radioluna.it\/news\/wp-json\/wp\/v2\/media?parent=207371"}],"wp:term":[{"taxonomy":"category","embeddable":true,"href":"https:\/\/www.radioluna.it\/news\/wp-json\/wp\/v2\/categories?post=207371"},{"taxonomy":"post_tag","embeddable":true,"href":"https:\/\/www.radioluna.it\/news\/wp-json\/wp\/v2\/tags?post=207371"}],"curies":[{"name":"wp","href":"https:\/\/api.w.org\/{rel}","templated":true}]}}