{"id":207374,"date":"2017-11-15T07:15:34","date_gmt":"2017-11-15T06:15:34","guid":{"rendered":"http:\/\/www.radioluna.it\/news\/?p=207374"},"modified":"2017-11-15T12:33:34","modified_gmt":"2017-11-15T11:33:34","slug":"alessio-non-ce-lha-fatta-morto-il-ragazzo-ferito-nello-schianto-a-tor-tre-ponti","status":"publish","type":"post","link":"https:\/\/www.radioluna.it\/news\/2017\/11\/alessio-non-ce-lha-fatta-morto-il-ragazzo-ferito-nello-schianto-a-tor-tre-ponti\/","title":{"rendered":"Alessio non ce l&#8217;ha fatta, morto il ragazzo ferito nello schianto a Tor Tre Ponti"},"content":{"rendered":"<div id=\"fb-root\"><\/div>\n<p style=\"text-align: justify;\"><strong><img loading=\"lazy\" decoding=\"async\" class=\"aligncenter size-thumbnail wp-image-207376\" src=\"http:\/\/www.radioluna.it\/news\/wp-content\/uploads\/2017\/11\/alessio-689x689.jpg\" alt=\"\" width=\"689\" height=\"689\" srcset=\"https:\/\/www.radioluna.it\/news\/wp-content\/uploads\/2017\/11\/alessio-689x689.jpg 689w, https:\/\/www.radioluna.it\/news\/wp-content\/uploads\/2017\/11\/alessio-300x300.jpg 300w, https:\/\/www.radioluna.it\/news\/wp-content\/uploads\/2017\/11\/alessio-768x768.jpg 768w, https:\/\/www.radioluna.it\/news\/wp-content\/uploads\/2017\/11\/alessio-500x500.jpg 500w, https:\/\/www.radioluna.it\/news\/wp-content\/uploads\/2017\/11\/alessio-150x150.jpg 150w, https:\/\/www.radioluna.it\/news\/wp-content\/uploads\/2017\/11\/alessio-50x50.jpg 50w, https:\/\/www.radioluna.it\/news\/wp-content\/uploads\/2017\/11\/alessio-800x800.jpg 800w, https:\/\/www.radioluna.it\/news\/wp-content\/uploads\/2017\/11\/alessio.jpg 960w\" sizes=\"auto, (max-width: 689px) 100vw, 689px\" \/>LATINA<\/strong> &#8211; Non ce l&#8217;ha fatta Alessio Florian, il ragazzo rimasto gravemente ferito in un incidente stradale venerd\u00ec sera a Tor Tre Ponti mentre era alla guida della sua Bmw. Nel reparto di Rianimazione del Goretti i medici hanno preso atto della morte cerebrale e poi in serata ne hanno dichiarato il decesso. Dalla serata di venerd\u00ec era ricoverato in condizioni disperate, ma ieri appunto la speranza si \u00e8 spenta. Non \u00e8 invece arrivato il consenso all&#8217;espianto degli organi. Tre anni fa, il grave lutto per la perdita del fratello: &#8220;Nei miei occhi vive l&#8217;anima di mio fratello&#8221;, aveva scritto su Fb solo pochi giorni fa Alessio.<\/p>\n<p>La salma \u00e8 a disposizione dell&#8217;autorit\u00e0 giudiziaria per eventuali accertamenti, poi sar\u00e0 restituita alla famiglia per le esequie che non sono ancora state fissate-<\/p>\n","protected":false},"excerpt":{"rendered":"<p>LATINA &#8211; Non ce l&#8217;ha fatta Alessio Florian, il ragazzo rimasto gravemente ferito in un incidente stradale venerd\u00ec sera a Tor Tre Ponti mentre era alla guida della sua Bmw. Nel reparto di Rianimazione del Goretti i medici hanno preso atto della morte cerebrale e poi in serata ne hanno dichiarato il decesso. Dalla serata [&hellip;]<\/p>\n","protected":false},"author":60,"featured_media":207377,"comment_status":"open","ping_status":"closed","sticky":false,"template":"","format":"standard","meta":{"footnotes":""},"categories":[7],"tags":[],"class_list":["post-207374","post","type-post","status-publish","format-standard","has-post-thumbnail","hentry","category-cronaca"],"_links":{"self":[{"href":"https:\/\/www.radioluna.it\/news\/wp-json\/wp\/v2\/posts\/207374","targetHints":{"allow":["GET"]}}],"collection":[{"href":"https:\/\/www.radioluna.it\/news\/wp-json\/wp\/v2\/posts"}],"about":[{"href":"https:\/\/www.radioluna.it\/news\/wp-json\/wp\/v2\/types\/post"}],"author":[{"embeddable":true,"href":"https:\/\/www.radioluna.it\/news\/wp-json\/wp\/v2\/users\/60"}],"replies":[{"embeddable":true,"href":"https:\/\/www.radioluna.it\/news\/wp-json\/wp\/v2\/comments?post=207374"}],"version-history":[{"count":0,"href":"https:\/\/www.radioluna.it\/news\/wp-json\/wp\/v2\/posts\/207374\/revisions"}],"wp:featuredmedia":[{"embeddable":true,"href":"https:\/\/www.radioluna.it\/news\/wp-json\/wp\/v2\/media\/207377"}],"wp:attachment":[{"href":"https:\/\/www.radioluna.it\/news\/wp-json\/wp\/v2\/media?parent=207374"}],"wp:term":[{"taxonomy":"category","embeddable":true,"href":"https:\/\/www.radioluna.it\/news\/wp-json\/wp\/v2\/categories?post=207374"},{"taxonomy":"post_tag","embeddable":true,"href":"https:\/\/www.radioluna.it\/news\/wp-json\/wp\/v2\/tags?post=207374"}],"curies":[{"name":"wp","href":"https:\/\/api.w.org\/{rel}","templated":true}]}}