{"id":207421,"date":"2017-11-15T11:09:18","date_gmt":"2017-11-15T10:09:18","guid":{"rendered":"http:\/\/www.radioluna.it\/news\/?p=207421"},"modified":"2017-11-15T11:09:18","modified_gmt":"2017-11-15T10:09:18","slug":"pullman-da-turismo-contromano-in-piazza-san-marco-sbuca-in-via-reginaldo-giuliani","status":"publish","type":"post","link":"https:\/\/www.radioluna.it\/news\/2017\/11\/pullman-da-turismo-contromano-in-piazza-san-marco-sbuca-in-via-reginaldo-giuliani\/","title":{"rendered":"Pullman da turismo contromano in Piazza San Marco &#8220;sbuca&#8221; in Via Reginaldo Giuliani"},"content":{"rendered":"<div id=\"fb-root\"><\/div>\n<p>[URIS id=207418]<\/p>\n<p style=\"text-align: justify;\"><strong>LATINA<\/strong> &#8211; E&#8217; da quando \u00e8 stata creata la ztl con l&#8217;amministrazione Di Giorgi che la circolazione su Piazza San Marco \u00e8 stata modificata. Da qualche anno dunque, chi proviene da Corso della Repubblica non pu\u00f2 svoltare sul tratto che passa davanti all&#8217;ex Opera Balilla, oggi Museo Cambellotti. Via Reginaldo Giuliani si imbocca da Via Pio VI. Eppure capita ancora di vedere cose come quella immortalata in queste foto: un pullman granturismo sabato pomeriggio \u00e8 arrivato contromano (fortunatamente senza travolgendo nessuno) da Piazza San Marco fino alle vecchie autolinee. E l\u00ec, manovrare con le auto che venivano da Via IV Novembre,\u00a0 \u00e8 stato un bel problema. Come testimoniano le foto che ci ha inviato un lettore.<\/p>\n","protected":false},"excerpt":{"rendered":"<p>[URIS id=207418] LATINA &#8211; E&#8217; da quando \u00e8 stata creata la ztl con l&#8217;amministrazione Di Giorgi che la circolazione su Piazza San Marco \u00e8 stata modificata. Da qualche anno dunque, chi proviene da Corso della Repubblica non pu\u00f2 svoltare sul tratto che passa davanti all&#8217;ex Opera Balilla, oggi Museo Cambellotti. Via Reginaldo Giuliani si imbocca [&hellip;]<\/p>\n","protected":false},"author":62,"featured_media":207422,"comment_status":"open","ping_status":"closed","sticky":false,"template":"","format":"standard","meta":{"footnotes":""},"categories":[7,2311],"tags":[],"class_list":["post-207421","post","type-post","status-publish","format-standard","has-post-thumbnail","hentry","category-cronaca","category-foto"],"_links":{"self":[{"href":"https:\/\/www.radioluna.it\/news\/wp-json\/wp\/v2\/posts\/207421","targetHints":{"allow":["GET"]}}],"collection":[{"href":"https:\/\/www.radioluna.it\/news\/wp-json\/wp\/v2\/posts"}],"about":[{"href":"https:\/\/www.radioluna.it\/news\/wp-json\/wp\/v2\/types\/post"}],"author":[{"embeddable":true,"href":"https:\/\/www.radioluna.it\/news\/wp-json\/wp\/v2\/users\/62"}],"replies":[{"embeddable":true,"href":"https:\/\/www.radioluna.it\/news\/wp-json\/wp\/v2\/comments?post=207421"}],"version-history":[{"count":0,"href":"https:\/\/www.radioluna.it\/news\/wp-json\/wp\/v2\/posts\/207421\/revisions"}],"wp:featuredmedia":[{"embeddable":true,"href":"https:\/\/www.radioluna.it\/news\/wp-json\/wp\/v2\/media\/207422"}],"wp:attachment":[{"href":"https:\/\/www.radioluna.it\/news\/wp-json\/wp\/v2\/media?parent=207421"}],"wp:term":[{"taxonomy":"category","embeddable":true,"href":"https:\/\/www.radioluna.it\/news\/wp-json\/wp\/v2\/categories?post=207421"},{"taxonomy":"post_tag","embeddable":true,"href":"https:\/\/www.radioluna.it\/news\/wp-json\/wp\/v2\/tags?post=207421"}],"curies":[{"name":"wp","href":"https:\/\/api.w.org\/{rel}","templated":true}]}}