{"id":207469,"date":"2017-11-16T00:17:17","date_gmt":"2017-11-15T23:17:17","guid":{"rendered":"http:\/\/www.radioluna.it\/news\/?p=207469"},"modified":"2017-11-18T08:37:55","modified_gmt":"2017-11-18T07:37:55","slug":"calcio-terracciano-diventa-presidente-del-latina","status":"publish","type":"post","link":"https:\/\/www.radioluna.it\/news\/2017\/11\/calcio-terracciano-diventa-presidente-del-latina\/","title":{"rendered":"Calcio, Terracciano diventa presidente del Latina"},"content":{"rendered":"<div id=\"fb-root\"><\/div>\n<p><img loading=\"lazy\" decoding=\"async\" class=\"aligncenter wp-image-207472 size-thumbnail\" src=\"http:\/\/www.radioluna.it\/news\/wp-content\/uploads\/2017\/11\/23622466_402617550153105_8670479138629406912_n-2-689x459.jpg\" alt=\"\" width=\"689\" height=\"459\" srcset=\"https:\/\/www.radioluna.it\/news\/wp-content\/uploads\/2017\/11\/23622466_402617550153105_8670479138629406912_n-2-689x459.jpg 689w, https:\/\/www.radioluna.it\/news\/wp-content\/uploads\/2017\/11\/23622466_402617550153105_8670479138629406912_n-2-300x200.jpg 300w, https:\/\/www.radioluna.it\/news\/wp-content\/uploads\/2017\/11\/23622466_402617550153105_8670479138629406912_n-2-768x512.jpg 768w, https:\/\/www.radioluna.it\/news\/wp-content\/uploads\/2017\/11\/23622466_402617550153105_8670479138629406912_n-2-500x333.jpg 500w, https:\/\/www.radioluna.it\/news\/wp-content\/uploads\/2017\/11\/23622466_402617550153105_8670479138629406912_n-2-800x533.jpg 800w, https:\/\/www.radioluna.it\/news\/wp-content\/uploads\/2017\/11\/23622466_402617550153105_8670479138629406912_n-2.jpg 960w\" sizes=\"auto, (max-width: 689px) 100vw, 689px\" \/><\/p>\n<p style=\"text-align: justify;\"><strong>LATINA &#8211;<\/strong> Cambio al vertice societario del Latina: Antonio Terracciano \u00e8 il nuovo presidente del club nerazzurro.E&#8217; stato snellito il consiglio di amministrazione del Latina Calcio 1932 che passa da cinque a tre membri e l\u2019assemblea dei soci ha deciso di voler accelerarela ristrutturazione della dirigente. Il\u00a0 nuovo Consiglio di Amministrazione sar\u00e0 composto da Fernando Leonardi, Antonio Terracciano e Fabio Napolitano. &lt;Gestita la fase emergenziale \u2013 ha spiegato il neo presidente Terracciano \u2013 si \u00e8 pensato di snellire il processo decisionale con una struttura pi\u00f9 snella nella convinzione che anche la societ\u00e0 deve muoversi con le stesse caratteristiche della rosa dei giocatori: fluidit\u00e0 della manovra e prontezza nella decisioni. Solo cos\u00ec si pu\u00f2 essere al passo con i tempi ed essere immediati nei risultati&gt;.<\/p>\n<div class=\"radio-posizionamento-telefono-in-articoli-dopo-il-contenuto-articolo radio-entity-placement\" id=\"radio-586187381\"><div id=\"radio-4156059279\" style=\"width: 300px;height: 250px;\"><a href=\"https:\/\/www.icarspa.it\/auto\/usate\/latina\/\" aria-label=\"banner aprile icar new life &#8211; auto usate latina\"><img loading=\"lazy\" decoding=\"async\" src=\"https:\/\/www.radioluna.it\/news\/wp-content\/uploads\/2026\/02\/banner-aprile-icar-new-life-auto-usate-latina.gif\" alt=\"\"  width=\"300\" height=\"250\"   \/><\/a><\/div><\/div>","protected":false},"excerpt":{"rendered":"<p>LATINA &#8211; Cambio al vertice societario del Latina: Antonio Terracciano \u00e8 il nuovo presidente del club nerazzurro.E&#8217; stato snellito il consiglio di amministrazione del Latina Calcio 1932 che passa da cinque a tre membri e l\u2019assemblea dei soci ha deciso di voler accelerarela ristrutturazione della dirigente. Il\u00a0 nuovo Consiglio di Amministrazione sar\u00e0 composto da Fernando [&hellip;]<\/p>\n","protected":false},"author":60,"featured_media":207472,"comment_status":"open","ping_status":"closed","sticky":false,"template":"","format":"standard","meta":{"footnotes":""},"categories":[17],"tags":[],"class_list":["post-207469","post","type-post","status-publish","format-standard","has-post-thumbnail","hentry","category-sport"],"_links":{"self":[{"href":"https:\/\/www.radioluna.it\/news\/wp-json\/wp\/v2\/posts\/207469","targetHints":{"allow":["GET"]}}],"collection":[{"href":"https:\/\/www.radioluna.it\/news\/wp-json\/wp\/v2\/posts"}],"about":[{"href":"https:\/\/www.radioluna.it\/news\/wp-json\/wp\/v2\/types\/post"}],"author":[{"embeddable":true,"href":"https:\/\/www.radioluna.it\/news\/wp-json\/wp\/v2\/users\/60"}],"replies":[{"embeddable":true,"href":"https:\/\/www.radioluna.it\/news\/wp-json\/wp\/v2\/comments?post=207469"}],"version-history":[{"count":0,"href":"https:\/\/www.radioluna.it\/news\/wp-json\/wp\/v2\/posts\/207469\/revisions"}],"wp:featuredmedia":[{"embeddable":true,"href":"https:\/\/www.radioluna.it\/news\/wp-json\/wp\/v2\/media\/207472"}],"wp:attachment":[{"href":"https:\/\/www.radioluna.it\/news\/wp-json\/wp\/v2\/media?parent=207469"}],"wp:term":[{"taxonomy":"category","embeddable":true,"href":"https:\/\/www.radioluna.it\/news\/wp-json\/wp\/v2\/categories?post=207469"},{"taxonomy":"post_tag","embeddable":true,"href":"https:\/\/www.radioluna.it\/news\/wp-json\/wp\/v2\/tags?post=207469"}],"curies":[{"name":"wp","href":"https:\/\/api.w.org\/{rel}","templated":true}]}}