{"id":207606,"date":"2017-11-18T00:08:25","date_gmt":"2017-11-17T23:08:25","guid":{"rendered":"http:\/\/www.radioluna.it\/news\/?p=207606"},"modified":"2017-11-18T11:14:19","modified_gmt":"2017-11-18T10:14:19","slug":"acqua-zingaretti-accanto-ai-comuni-che-vogliono-ripubblicizzare","status":"publish","type":"post","link":"https:\/\/www.radioluna.it\/news\/2017\/11\/acqua-zingaretti-accanto-ai-comuni-che-vogliono-ripubblicizzare\/","title":{"rendered":"Acqua, Zingaretti: &#8220;Regione vicina ai Comuni per la ripubblicizzazione&#8221;"},"content":{"rendered":"<div id=\"fb-root\"><\/div>\n<p><img loading=\"lazy\" decoding=\"async\" class=\"aligncenter wp-image-176888 size-thumbnail\" src=\"http:\/\/www.radioluna.it\/news\/wp-content\/uploads\/2016\/04\/Forte-e-Zingaretti-nel-point-di-Forte-689x458.jpg\" alt=\"\" width=\"689\" height=\"458\" srcset=\"https:\/\/www.radioluna.it\/news\/wp-content\/uploads\/2016\/04\/Forte-e-Zingaretti-nel-point-di-Forte-689x458.jpg 689w, https:\/\/www.radioluna.it\/news\/wp-content\/uploads\/2016\/04\/Forte-e-Zingaretti-nel-point-di-Forte-768x511.jpg 768w, https:\/\/www.radioluna.it\/news\/wp-content\/uploads\/2016\/04\/Forte-e-Zingaretti-nel-point-di-Forte-500x333.jpg 500w, https:\/\/www.radioluna.it\/news\/wp-content\/uploads\/2016\/04\/Forte-e-Zingaretti-nel-point-di-Forte-600x400.jpg 600w, https:\/\/www.radioluna.it\/news\/wp-content\/uploads\/2016\/04\/Forte-e-Zingaretti-nel-point-di-Forte-300x200.jpg 300w, https:\/\/www.radioluna.it\/news\/wp-content\/uploads\/2016\/04\/Forte-e-Zingaretti-nel-point-di-Forte.jpg 800w\" sizes=\"auto, (max-width: 689px) 100vw, 689px\" \/><\/p>\n<p style=\"text-align: justify;\"><strong>LATINA-<\/strong> &lt;Se i sindaci della provincia di Latina dovessero decidere di avviare il percorso di ripubblicizzazione della gestione idrica, la Regione sar\u00e0 al loro fianco&gt;.\u00a0 Lo ha detto ieri\u00a0 pomeriggio il presidente della Regione Lazio Nicola Zingaretti intervenuto a Latina per l&#8217;inaugurazione di una sartoria sociale in Via Coopenaghen. &lt;L&#8217; impegno della Regione potrebbe essere determinante per garantire un finanziamento a sostegno dell&#8217;operazione dei Comuni e per questo siamo disponibili, adesso &#8211; ha aggiunto &#8211; serve una svolta e i sindaci devono sapere che noi continueremo a fare la nostra parte\u00bb.<\/p>\n<p style=\"text-align: justify;\">Sul caso \u00e8 intervenuto anche il consigliere regionale del Pd Enrico Forte.\u00a0 &lt;Ribadisco il mio impegno affinch\u00e9 la gestione dell\u2019acqua nella provincia torni completamente pubblica &#8211; ha spiegato &#8211; Proprio su tale argomento ho presentato un\u2019interrogazione in Regione, per l\u2019istituzione di una commissione di verifica dell\u2019intera gestione del bene pubblico da parte di Acqualatina a partire dal 2003 e sui fatti che hanno determinato l\u2019interruzione di pubblico servizio e sulle modalit\u00e0 indiscriminate di tale interruzione&gt;.<\/p>\n<p style=\"text-align: justify;\"><strong>LA SARTORIA SOCIALE<\/strong> &#8211;\u00a0Il nuovo spazio visitato da Zingaretti a Latina, prossimo all\u2019apertura, \u00e8 frutto di un progetto di contrasto alla povert\u00e0. &#8220;Ospiter\u00e0 e occuper\u00e0 le fasce pi\u00f9 fragili della popolazione e i cittadini che si trovano in situazioni di disagio o difficolt\u00e0 sociale &#8211; spiegano dal Comune di Latina &#8211; L\u2019iniziativa rientra nel pi\u00f9 ampio progetto \u201cLibera il Futuro\u201d vincitore del bando per l\u2019inclusione e contro la povert\u00e0 pubblicato dalla Regione Lazio e realizzato dalle organizzazioni territoriali del Terzo Settore&#8221;.<\/p>\n<p style=\"text-align: justify;\">Il finanziamento concesso al progetto ammonta a 150mila euro. La partecipazione del Terzo Settore al bando regionale \u201cSolidariet\u00e0 2017\u201d \u00e8 stata massiccia. In provincia sono stati finanziati cinque progetti di cui tre con ricadute sul territorio comunale.<\/p>\n<p>&nbsp;<\/p>\n<p>&nbsp;<\/p>\n<div class=\"radio-posizionamento-telefono-in-articoli-dopo-il-contenuto-articolo radio-entity-placement\" id=\"radio-2145557471\"><div id=\"radio-185127134\"><a href=\"https:\/\/www.simeoneceramiche.com\/\" aria-label=\"SIMEONE CERAMICHE GIF animata per radioluna_Tavola disegno 1 copia 2 (online-video-cutter.com)\"><img loading=\"lazy\" decoding=\"async\" src=\"https:\/\/www.radioluna.it\/news\/wp-content\/uploads\/2025\/05\/SIMEONE-CERAMICHE-GIF-animata-per-radioluna_Tavola-disegno-1-copia-2-online-video-cutter.com_.gif\" alt=\"\"  width=\"300\" height=\"250\"   \/><\/a><\/div><\/div>","protected":false},"excerpt":{"rendered":"<p>LATINA- &lt;Se i sindaci della provincia di Latina dovessero decidere di avviare il percorso di ripubblicizzazione della gestione idrica, la Regione sar\u00e0 al loro fianco&gt;.\u00a0 Lo ha detto ieri\u00a0 pomeriggio il presidente della Regione Lazio Nicola Zingaretti intervenuto a Latina per l&#8217;inaugurazione di una sartoria sociale in Via Coopenaghen. &lt;L&#8217; impegno della Regione potrebbe essere [&hellip;]<\/p>\n","protected":false},"author":60,"featured_media":176888,"comment_status":"open","ping_status":"closed","sticky":false,"template":"","format":"standard","meta":{"footnotes":""},"categories":[8],"tags":[],"class_list":["post-207606","post","type-post","status-publish","format-standard","has-post-thumbnail","hentry","category-politica"],"_links":{"self":[{"href":"https:\/\/www.radioluna.it\/news\/wp-json\/wp\/v2\/posts\/207606","targetHints":{"allow":["GET"]}}],"collection":[{"href":"https:\/\/www.radioluna.it\/news\/wp-json\/wp\/v2\/posts"}],"about":[{"href":"https:\/\/www.radioluna.it\/news\/wp-json\/wp\/v2\/types\/post"}],"author":[{"embeddable":true,"href":"https:\/\/www.radioluna.it\/news\/wp-json\/wp\/v2\/users\/60"}],"replies":[{"embeddable":true,"href":"https:\/\/www.radioluna.it\/news\/wp-json\/wp\/v2\/comments?post=207606"}],"version-history":[{"count":0,"href":"https:\/\/www.radioluna.it\/news\/wp-json\/wp\/v2\/posts\/207606\/revisions"}],"wp:featuredmedia":[{"embeddable":true,"href":"https:\/\/www.radioluna.it\/news\/wp-json\/wp\/v2\/media\/176888"}],"wp:attachment":[{"href":"https:\/\/www.radioluna.it\/news\/wp-json\/wp\/v2\/media?parent=207606"}],"wp:term":[{"taxonomy":"category","embeddable":true,"href":"https:\/\/www.radioluna.it\/news\/wp-json\/wp\/v2\/categories?post=207606"},{"taxonomy":"post_tag","embeddable":true,"href":"https:\/\/www.radioluna.it\/news\/wp-json\/wp\/v2\/tags?post=207606"}],"curies":[{"name":"wp","href":"https:\/\/api.w.org\/{rel}","templated":true}]}}