{"id":207640,"date":"2017-11-18T11:09:04","date_gmt":"2017-11-18T10:09:04","guid":{"rendered":"http:\/\/www.radioluna.it\/news\/?p=207640"},"modified":"2017-11-25T11:32:34","modified_gmt":"2017-11-25T10:32:34","slug":"la-maratona-di-latina-compie-20-anni-start-da-piazza-san-marco-il-3-dicembre","status":"publish","type":"post","link":"https:\/\/www.radioluna.it\/news\/2017\/11\/la-maratona-di-latina-compie-20-anni-start-da-piazza-san-marco-il-3-dicembre\/","title":{"rendered":"La Maratona di Latina compie 20 anni. Start da Piazza San Marco il 3 dicembre"},"content":{"rendered":"<div id=\"fb-root\"><\/div>\n<p style=\"text-align: justify;\"><strong><img loading=\"lazy\" decoding=\"async\" class=\"aligncenter size-full wp-image-207642\" src=\"http:\/\/www.radioluna.it\/news\/wp-content\/uploads\/2017\/11\/PERCORSO.jpg\" alt=\"\" width=\"675\" height=\"377\" srcset=\"https:\/\/www.radioluna.it\/news\/wp-content\/uploads\/2017\/11\/PERCORSO.jpg 675w, https:\/\/www.radioluna.it\/news\/wp-content\/uploads\/2017\/11\/PERCORSO-300x168.jpg 300w, https:\/\/www.radioluna.it\/news\/wp-content\/uploads\/2017\/11\/PERCORSO-500x279.jpg 500w\" sizes=\"auto, (max-width: 675px) 100vw, 675px\" \/>LATINA<\/strong> &#8211;\u00a0Domenica 3 dicembre si disputa la XX edizione della Maratona di Latina. Nato nel capoluogo, trasferitosi a Sabaudia per 8 anni, \u00e8 tornato a casa lo scorso anno, l\u2019evento organizzato dall\u2019UISP Comitato Territoriale di Latina. \u00abIl progetto avviato nel 20016 con il Comune di Latina \u2013 ricorda il presidente dell\u2019UISP territoriale, Domenico Lattanzi \u2013 \u00e8 articolato su un triennio ed \u00e8 orientato a portare la Maratona tra le principali 42 chilometri italiane, puntando a entrare nella top ten per numero di partecipanti. Un programma ambizioso, vista la concorrenza: sono ben sessanta, infatti, le maratone che si disputano lungo l\u2019arco della penisola, ma siamo convinti che questi tre anni possano rappresentare un abbrivio importante. Gi\u00e0 in questa edizione, che sta facendo registrare un rilevante incremento delle iscrizioni, puntiamo a salire sul podio delle maratone del centrosud\u00bb.<br \/>\nLa partecipazione sar\u00e0 agevolata dal fatto che la gara torna nella sua tradizionale collocazione della prima domenica di dicembre, dopo essere stata disputata lo scorso anno in concomitanza con il natale della citt\u00e0. \u00abNel 2016 \u00e8 stato sicuramente emozionante \u2013 prosegue Lattanzi \u2013 far coincidere il ritorno della Maratona a Latina con la data del 18 dicembre. Sotto il profilo delle adesioni, per\u00f2, si \u00e8 trattato di una collocazione troppo a ridosso delle festivit\u00e0 e in contemporanea con altre manifestazioni sui 42 chilometri. Quest\u2019anno saremo in scena il 3 dicembre, una data che si sta dimostrando di interesse per molti podisti da tutta Italia. Il grande impegno delle Forze dell\u2019Ordine coordinate dalla Questura di Latina, della Protezione Civile e del comitato organizzatore garantir\u00e0 loro i migliori standard qualitativi e di sicurezza, che si accompagneranno al fascino di un percorso unico tra dune, lago, mare e macchia mediterranea\u00bb.<br \/>\n\u00abPerch\u00e9 la Maratona centri l\u2019obiettivo di promuovere il territorio, \u00e8 necessaria la collaborazione di tutti i cittadini &#8211; ricorda il direttore della maratona Tommaso Dorati\u00a0 &#8211; Il comitato organizzatore lavora gratuitamente per mettere a disposizione della citt\u00e0 un evento in grado di farla conoscere, valorizzarne le potenzialit\u00e0 turistiche e contribuire a destagionalizzarne l\u2019economia. Abbiamo articolato il percorso per incidere il meno possibile sulla cittadinanza e sulle attivit\u00e0 commerciali, rinunciando ad arrivare a Borgo Sabotino per evitare disagi, cos\u00ec come nel centro citt\u00e0 abbiamo studiato passaggi in grado di consentire una viabilit\u00e0 alternativa. Si svoilger\u00e0 comunque tra la Marina e il Centro Cittadino&#8221;.<\/p>\n<p style=\"text-align: justify;\"><strong>IL PERCORSO<\/strong> &#8211; La manifestazione partir\u00e0 alle 9,30 da Piazza San Marco e raggiunger\u00e0 il lungomare passando da Via Casilina solo nei due chilometri, dal 17\u00b0 al 19\u00b0 tra il villaggio giornalisti e Capoportiere, tra le 10,20 e le 11,30 circa. Successivamente si svilupper\u00e0 verso Borgo Grappa, per rientrare a Latina nella zona della Lottizzazione Cucchiarelli e tornare al punto di partenza transitando su via Isonzo e corso della Repubblica.<\/p>\n<p style=\"text-align: justify;\"><strong><br \/>\n\u2013 Corso della Repubblica, Viale XXI Aprile, Viale Medaglie d\u2019oro, Piazza della Libert\u00e0, Via Costa, Via Umberto I, Viale Gramsci, Piazza San Marco (termine stracittadina Km. 2,000) Corso della Repubblica, Via Marconi, Via Isonzo, Via Regione Veneto, (andata e ritorno), Via Isonzo,<br \/>\nalla rotonda di Via Isonzo\/S.S. Pontina la manifestazione si divide in due:<br \/>\n1.\u00a0i partecipanti alla Competitiva di Km. 10,500 proseguono percorrendo:\u00a0Via Filippo Ferrazza, Via Gerardo Dottori, Via Tosi, Via Modigliani, Viale De Chirico, Via Campania, Via Toscana, Via Trentino, Via dell\u2019Agora, Via Polusca, Via Isonzo, Via Marconi, Corso della Repubblica, Piazza San Marco\u00a0(arrivo).<br \/>\n2.\u00a0i partecipanti alla Maratona di Km. 42,195 proseguono percorrendo:\u00a0Via Isonzo, Strada Litoranea, Strada Casilina Sud, Strada Lungomare, Strada Colmata la Fossatella, Strada di Fogliano, Strada Litoranea, Strada Zi Maria, Strada della Segheria, Via Isonzo, Via Filippo Ferrazza, Via Gerardo Dottori, Via Tosi, Via Modigliani, Viale De Chirico, Via Campania, Via Toscana, Via Trentino, Via dell\u2019Agora, Via Polusca, Via Isonzo, Via Marconi, Corso della Repubblica, Piazza San Marco\u00a0(arrivo).<br \/>\nArrivo: Piazza San Marco Latina alle ore:<br \/>\n\u2013\u00a0Stracittadina Km. 2,000 il 1\u00b0 alle ore 9,30 circa<br \/>\n\u2013\u00a0Competitiva Km. 10,500 il 1\u00b0alle ore 10,00 l\u2019ultimo alle 10,45 circa<br \/>\n\u2013\u00a0Maratona Km. 42,195 il 1\u00b0alle ore 11,45 l\u2019ultimo alle 15,30 circa<br \/>\nLa\u00a0Maratona vedr\u00e0 una partenza unica per le tre distanze previste\u00a0\u2013 la stracittadina di 2 chilometri aperta a tutti, la gara competitiva di 10,5 chilometri e i classici 42 chilometri e 195 metri \u2013\u00a0fissata alle ore 9,30 da piazza San Marco, dove \u00e8 previsto anche l\u2019arrivo della manifestazione.<\/strong><\/p>\n<div class=\"radio-posizionamento-telefono-in-articoli-dopo-il-contenuto-articolo radio-entity-placement\" id=\"radio-255501970\"><div id=\"radio-3579921777\"><a href=\"https:\/\/grupporedi.it\/\" aria-label=\"Redi-Qr\"><img loading=\"lazy\" decoding=\"async\" src=\"https:\/\/www.radioluna.it\/news\/wp-content\/uploads\/2026\/03\/Redi-Qr.jpg\" alt=\"\"  srcset=\"https:\/\/www.radioluna.it\/news\/wp-content\/uploads\/2026\/03\/Redi-Qr.jpg 800w, https:\/\/www.radioluna.it\/news\/wp-content\/uploads\/2026\/03\/Redi-Qr-768x639.jpg 768w\" sizes=\"(max-width: 800px) 100vw, 800px\" width=\"300\" height=\"250\"   \/><\/a><\/div><\/div>","protected":false},"excerpt":{"rendered":"<p>LATINA &#8211;\u00a0Domenica 3 dicembre si disputa la XX edizione della Maratona di Latina. Nato nel capoluogo, trasferitosi a Sabaudia per 8 anni, \u00e8 tornato a casa lo scorso anno, l\u2019evento organizzato dall\u2019UISP Comitato Territoriale di Latina. \u00abIl progetto avviato nel 20016 con il Comune di Latina \u2013 ricorda il presidente dell\u2019UISP territoriale, Domenico Lattanzi \u2013 [&hellip;]<\/p>\n","protected":false},"author":62,"featured_media":207642,"comment_status":"open","ping_status":"closed","sticky":false,"template":"","format":"standard","meta":{"footnotes":""},"categories":[17],"tags":[],"class_list":["post-207640","post","type-post","status-publish","format-standard","has-post-thumbnail","hentry","category-sport"],"_links":{"self":[{"href":"https:\/\/www.radioluna.it\/news\/wp-json\/wp\/v2\/posts\/207640","targetHints":{"allow":["GET"]}}],"collection":[{"href":"https:\/\/www.radioluna.it\/news\/wp-json\/wp\/v2\/posts"}],"about":[{"href":"https:\/\/www.radioluna.it\/news\/wp-json\/wp\/v2\/types\/post"}],"author":[{"embeddable":true,"href":"https:\/\/www.radioluna.it\/news\/wp-json\/wp\/v2\/users\/62"}],"replies":[{"embeddable":true,"href":"https:\/\/www.radioluna.it\/news\/wp-json\/wp\/v2\/comments?post=207640"}],"version-history":[{"count":0,"href":"https:\/\/www.radioluna.it\/news\/wp-json\/wp\/v2\/posts\/207640\/revisions"}],"wp:featuredmedia":[{"embeddable":true,"href":"https:\/\/www.radioluna.it\/news\/wp-json\/wp\/v2\/media\/207642"}],"wp:attachment":[{"href":"https:\/\/www.radioluna.it\/news\/wp-json\/wp\/v2\/media?parent=207640"}],"wp:term":[{"taxonomy":"category","embeddable":true,"href":"https:\/\/www.radioluna.it\/news\/wp-json\/wp\/v2\/categories?post=207640"},{"taxonomy":"post_tag","embeddable":true,"href":"https:\/\/www.radioluna.it\/news\/wp-json\/wp\/v2\/tags?post=207640"}],"curies":[{"name":"wp","href":"https:\/\/api.w.org\/{rel}","templated":true}]}}