{"id":207696,"date":"2017-11-20T07:26:20","date_gmt":"2017-11-20T06:26:20","guid":{"rendered":"http:\/\/www.radioluna.it\/news\/?p=207696"},"modified":"2017-11-21T12:09:47","modified_gmt":"2017-11-21T11:09:47","slug":"in-via-nascosa-140-migranti-i-residenti-chiedono-verifiche-sullampliamento-di-una-villa","status":"publish","type":"post","link":"https:\/\/www.radioluna.it\/news\/2017\/11\/in-via-nascosa-140-migranti-i-residenti-chiedono-verifiche-sullampliamento-di-una-villa\/","title":{"rendered":"In Via Nascosa 140 migranti. I residenti chiedono verifiche sull&#8217;ampliamento di una villa"},"content":{"rendered":"<div id=\"fb-root\"><\/div>\n<p style=\"text-align: justify;\"><strong><img loading=\"lazy\" decoding=\"async\" class=\"aligncenter size-thumbnail wp-image-207701\" src=\"http:\/\/www.radioluna.it\/news\/wp-content\/uploads\/2017\/11\/via-nascosa-689x456.jpg\" alt=\"\" width=\"689\" height=\"456\" srcset=\"https:\/\/www.radioluna.it\/news\/wp-content\/uploads\/2017\/11\/via-nascosa-689x456.jpg 689w, https:\/\/www.radioluna.it\/news\/wp-content\/uploads\/2017\/11\/via-nascosa-300x198.jpg 300w, https:\/\/www.radioluna.it\/news\/wp-content\/uploads\/2017\/11\/via-nascosa-768x508.jpg 768w, https:\/\/www.radioluna.it\/news\/wp-content\/uploads\/2017\/11\/via-nascosa-1024x677.jpg 1024w, https:\/\/www.radioluna.it\/news\/wp-content\/uploads\/2017\/11\/via-nascosa-500x331.jpg 500w, https:\/\/www.radioluna.it\/news\/wp-content\/uploads\/2017\/11\/via-nascosa-800x529.jpg 800w, https:\/\/www.radioluna.it\/news\/wp-content\/uploads\/2017\/11\/via-nascosa.jpg 1210w\" sizes=\"auto, (max-width: 689px) 100vw, 689px\" \/>LATINA &#8211;<\/strong>\u00a0La prefettura di Latina ha ufficializzato che i migranti ospitati nel centro Casal delle Palme, che deve essere sgomberato al pi\u00f9 presto, andranno in Via Nascosa. Per l&#8217;esattezza in Via Mortellette. Si tratta di 140 persone accolte dal sistema gestito dal Ministero dell&#8217;Interno attraverso le prefetture che delegano a loro volta le cooperative sociali accreditate. Sono queste che cercano le abitazioni, presentano i documenti necessari agli uffici e, di fatto, gestiscono l&#8217;emergenza rifugiati.<\/p>\n<p style=\"text-align: justify;\">Ci sono gi\u00e0 40 migranti in zona, ma nessuno si era lamentato fino ad ora. Oggi, invece, gli abitanti si pongono alcune domande dopo aver visto i lavori riprendere a ritmo frenetico in un&#8217;abitazione di cui era in piedi solo lo scheletro. Operai giorno e notte, una ruspa che scava, il tutto dietro una schermatura artigianale fatta di pezzi di ondulit e di una rete verde, all&#8217;interno, che rende quasi impossibile la vista.<\/p>\n<p style=\"text-align: justify;\">L&#8217;avvocata Stefania Ciaschi ha presentato a nome di tutti i residenti un esposto ai vigili urbani, chiedendo controlli. L&#8217;ampliamento \u00e8 autorizzato? Per quale cubatura? Si stanno rispettando le regole urbanistiche? E la sicurezza sui luoghi di lavoro? Sono le domande poste dai residenti che hanno presentato lo stesso esposto anche all&#8217;ufficio anti-abusivismo del Comune di Latina e si apprestano a portarlo in Procura prima che sia troppo tardi.<\/p>\n<p style=\"text-align: justify;\">Sulla base della pec inviata al comando della Polizia Municipale, intanto, i vigili urbani sabato hanno ispezionato il cantiere chiedendo la documentazione necessaria. Ed \u00e8 comparso un primo cartello. recita: &#8220;Denuncia inizio attivit\u00e0 2009 in data 5\/01\/2017&#8221;.<\/p>\n<p style=\"text-align: justify;\">Che in Via Nascosa ci sia richiesta di immobili da destinare all&#8217;accoglienza \u00e8 testimoniato da alcuni proprietari che hanno confermato di aver ricevuto proposte di locazione per ville sfitte. E fin qui, tutto regolare. E&#8217; sul numero degli ospiti che possono stare nello stesso immobile, invece, che vengono sollevati molti dubbi:\u00a0\u201cNon esistono in zona abitazioni in grado di accogliere un numero di persone cos\u00ec elevato e nemmeno la met\u00e0, se &#8211; come si dice, saranno due gli immobili utilizzati \u2013 spiegano i residenti &#8211; Questi terreni sono agricoli e si pu\u00f2 edificare in proporzione. Mediamente per un lotto di tre-quattro ettari si pu\u00f2 arrivare a 130, massimo 170 metri quadrati&#8221;. Il numero di 140 richiede invece una struttura di tipo alberghiero, difficile da ottenere dove non ci sono fogne. &#8220;Qui si scarica ancora a dispersione o con le fosse biologiche. Per le nuove costruzioni avere il via libera comporta dimostrare che la fossa \u00e8 stata realizzata in proporzione al nucleo familiare e con tutti i crismi&#8221;. Anche\u00a0 per evitare che i liquami avvelenino i terreni coltivati e poi la falda acquifera. Pi\u00f9 sono i residenti e pi\u00f9 il problema si fa preoccupante. Pi\u00f9 persone vivono sotto lo stesso tetto, pi\u00f9 grande deve essere la fossa.<\/p>\n<p style=\"text-align: justify;\">Un problema collaterale \u00e8 quello della sicurezza. Le strade della zona sono senza illuminazione e senza marciapiedi e spostarsi a piedi o in bici come capita ai migranti pu\u00f2 essere pericoloso.<\/p>\n<div class=\"radio-posizionamento-telefono-in-articoli-dopo-il-contenuto-articolo radio-entity-placement\" id=\"radio-1152861543\"><div id=\"radio-3689532366\"><a href=\"https:\/\/grupporedi.it\/\" aria-label=\"Redi-Qr\"><img loading=\"lazy\" decoding=\"async\" src=\"https:\/\/www.radioluna.it\/news\/wp-content\/uploads\/2026\/03\/Redi-Qr.jpg\" alt=\"\"  srcset=\"https:\/\/www.radioluna.it\/news\/wp-content\/uploads\/2026\/03\/Redi-Qr.jpg 800w, https:\/\/www.radioluna.it\/news\/wp-content\/uploads\/2026\/03\/Redi-Qr-768x639.jpg 768w\" sizes=\"(max-width: 800px) 100vw, 800px\" width=\"300\" height=\"250\"   \/><\/a><\/div><\/div>","protected":false},"excerpt":{"rendered":"<p>LATINA &#8211;\u00a0La prefettura di Latina ha ufficializzato che i migranti ospitati nel centro Casal delle Palme, che deve essere sgomberato al pi\u00f9 presto, andranno in Via Nascosa. Per l&#8217;esattezza in Via Mortellette. Si tratta di 140 persone accolte dal sistema gestito dal Ministero dell&#8217;Interno attraverso le prefetture che delegano a loro volta le cooperative sociali [&hellip;]<\/p>\n","protected":false},"author":62,"featured_media":207701,"comment_status":"open","ping_status":"closed","sticky":false,"template":"","format":"standard","meta":{"footnotes":""},"categories":[7],"tags":[],"class_list":["post-207696","post","type-post","status-publish","format-standard","has-post-thumbnail","hentry","category-cronaca"],"_links":{"self":[{"href":"https:\/\/www.radioluna.it\/news\/wp-json\/wp\/v2\/posts\/207696","targetHints":{"allow":["GET"]}}],"collection":[{"href":"https:\/\/www.radioluna.it\/news\/wp-json\/wp\/v2\/posts"}],"about":[{"href":"https:\/\/www.radioluna.it\/news\/wp-json\/wp\/v2\/types\/post"}],"author":[{"embeddable":true,"href":"https:\/\/www.radioluna.it\/news\/wp-json\/wp\/v2\/users\/62"}],"replies":[{"embeddable":true,"href":"https:\/\/www.radioluna.it\/news\/wp-json\/wp\/v2\/comments?post=207696"}],"version-history":[{"count":0,"href":"https:\/\/www.radioluna.it\/news\/wp-json\/wp\/v2\/posts\/207696\/revisions"}],"wp:featuredmedia":[{"embeddable":true,"href":"https:\/\/www.radioluna.it\/news\/wp-json\/wp\/v2\/media\/207701"}],"wp:attachment":[{"href":"https:\/\/www.radioluna.it\/news\/wp-json\/wp\/v2\/media?parent=207696"}],"wp:term":[{"taxonomy":"category","embeddable":true,"href":"https:\/\/www.radioluna.it\/news\/wp-json\/wp\/v2\/categories?post=207696"},{"taxonomy":"post_tag","embeddable":true,"href":"https:\/\/www.radioluna.it\/news\/wp-json\/wp\/v2\/tags?post=207696"}],"curies":[{"name":"wp","href":"https:\/\/api.w.org\/{rel}","templated":true}]}}